{"id":37637,"date":"2023-11-27T22:21:37","date_gmt":"2023-11-27T22:21:37","guid":{"rendered":"http:\/\/lahora.mx\/?p=37637"},"modified":"2023-11-27T22:21:37","modified_gmt":"2023-11-27T22:21:37","slug":"sequia-afecto-15-mil-hectareas-del-campo-poblano-en-2023-sdr","status":"publish","type":"post","link":"https:\/\/lahora.mx\/index.php\/2023\/11\/27\/sequia-afecto-15-mil-hectareas-del-campo-poblano-en-2023-sdr\/","title":{"rendered":"Sequ\u00eda afect\u00f3 15 mil hect\u00e1reas del campo poblano en 2023: SDR"},"content":{"rendered":"\n<p>La titular de la Secretar\u00eda de Desarrollo Rural del estado, Ana Laura Altamirano P\u00e9rez, indic\u00f3 que 12 mil productores del campo poblano en 60 municipios tuvieron afectaciones a causa de la sequ\u00eda que se registr\u00f3 durante este 2023.<\/p>\n\n\n\n<p>La secretaria de Desarrollo Rural afirm\u00f3 que los da\u00f1os por sequ\u00eda afectaron alrededor de 15 mil hect\u00e1reas en los Valles Altos y en la Mixteca, sumado al granizo y los fuertes vientos en la Sierra Norte.<\/p>\n\n\n\n<p>\u00abEstamos haciendo registros donde ya es un tercer a\u00f1o que se est\u00e1 manifestando una sequ\u00eda c\u00edclica, por eso la adecuaci\u00f3n al Plan Estatal de desarrollo con pol\u00edticas p\u00fablicas que sea acorde a las zonas\u00bb, refiri\u00f3.<\/p>\n\n\n\n<p>Con esta medida, Altamirano P\u00e9rez se\u00f1al\u00f3 que otorgar\u00e1n apoyos e incentivos a los productores, en especial a los de sorgo y mezcal, que hayan sufrido da\u00f1os en sus terrenos debido al cambio clim\u00e1tico.<\/p>\n\n\n\n<p>En el caso de la producci\u00f3n de sorgo, indic\u00f3 que, de las 20 mil hect\u00e1reas que se plantaron en el estado, s\u00f3lo mil pudieron iniciar y 19 mil lograron un rendimiento del 50 por ciento derivado a los apoyos al campo.<\/p>\n\n\n\n<p>Fortalecimiento al campo de agave en Puebla<br>Mientras que el proyecto de plantaci\u00f3n de agave que se realiz\u00f3 en 116 municipios con denominaci\u00f3n de origen, principalmente en los 104 de la Mixteca, en su b\u00fasqueda por fortalecer las estrategias para la siembra de 15 millones de plantas.<\/p>\n\n\n\n<p>La funcionaria estatal estim\u00f3 que la exportaci\u00f3n de mezcal de cara al cierre del a\u00f1o fue el 30 por ciento, que equivale a medio mill\u00f3n de litros de 20 marcas poblanas, aunque la intenci\u00f3n es contar con un total de 50 marcas que ser\u00e1n promovidas a trav\u00e9s del gobierno del Estado.<\/p>\n\n\n\n<p>\u00abEn producci\u00f3n es Oaxaca, pero en promoci\u00f3n y tema de calidad, hoy el mejor mezcal de M\u00e9xico es de Puebla. Hay que trabajar muy duro y arduo con los productores\u00bb, coment\u00f3.<\/p>\n","protected":false},"excerpt":{"rendered":"<p>La titular de la Secretar\u00eda de Desarrollo Rural del estado, Ana Laura Altamirano P\u00e9rez, indic\u00f3 que 12 mil productores del campo poblano en 60 municipios tuvieron afectaciones a causa de la sequ\u00eda que se registr\u00f3 durante este 2023. La secretaria de Desarrollo Rural afirm\u00f3 que los da\u00f1os por sequ\u00eda afectaron alrededor de 15 mil hect\u00e1reas [&hellip;]<\/p>\n","protected":false},"author":4,"featured_media":37638,"comment_status":"open","ping_status":"open","sticky":false,"template":"","format":"standard","meta":{"om_disable_all_campaigns":false,"_monsterinsights_skip_tracking":false,"_monsterinsights_sitenote_active":false,"_monsterinsights_sitenote_note":"","_monsterinsights_sitenote_category":0,"footnotes":""},"categories":[175],"tags":[223],"class_list":["post-37637","post","type-post","status-publish","format-standard","has-post-thumbnail","hentry","category-local","tag-puebla"],"amp_enabled":true,"_links":{"self":[{"href":"https:\/\/lahora.mx\/index.php\/wp-json\/wp\/v2\/posts\/37637","targetHints":{"allow":["GET"]}}],"collection":[{"href":"https:\/\/lahora.mx\/index.php\/wp-json\/wp\/v2\/posts"}],"about":[{"href":"https:\/\/lahora.mx\/index.php\/wp-json\/wp\/v2\/types\/post"}],"author":[{"embeddable":true,"href":"https:\/\/lahora.mx\/index.php\/wp-json\/wp\/v2\/users\/4"}],"replies":[{"embeddable":true,"href":"https:\/\/lahora.mx\/index.php\/wp-json\/wp\/v2\/comments?post=37637"}],"version-history":[{"count":1,"href":"https:\/\/lahora.mx\/index.php\/wp-json\/wp\/v2\/posts\/37637\/revisions"}],"predecessor-version":[{"id":37639,"href":"https:\/\/lahora.mx\/index.php\/wp-json\/wp\/v2\/posts\/37637\/revisions\/37639"}],"wp:featuredmedia":[{"embeddable":true,"href":"https:\/\/lahora.mx\/index.php\/wp-json\/wp\/v2\/media\/37638"}],"wp:attachment":[{"href":"https:\/\/lahora.mx\/index.php\/wp-json\/wp\/v2\/media?parent=37637"}],"wp:term":[{"taxonomy":"category","embeddable":true,"href":"https:\/\/lahora.mx\/index.php\/wp-json\/wp\/v2\/categories?post=37637"},{"taxonomy":"post_tag","embeddable":true,"href":"https:\/\/lahora.mx\/index.php\/wp-json\/wp\/v2\/tags?post=37637"}],"curies":[{"name":"wp","href":"https:\/\/api.w.org\/{rel}","templated":true}]}}