{"id":37634,"date":"2023-11-27T21:52:22","date_gmt":"2023-11-27T21:52:22","guid":{"rendered":"http:\/\/lahora.mx\/?p=37634"},"modified":"2023-11-27T21:52:22","modified_gmt":"2023-11-27T21:52:22","slug":"el-senador-alejandro-armenta-buscara-crear-megacoalicion-en-puebla-para-2024","status":"publish","type":"post","link":"https:\/\/lahora.mx\/index.php\/2023\/11\/27\/el-senador-alejandro-armenta-buscara-crear-megacoalicion-en-puebla-para-2024\/","title":{"rendered":"El senador Alejandro Armenta buscar\u00e1 crear megacoalici\u00f3n en Puebla para 2024"},"content":{"rendered":"\n<p>El senador Alejandro Armenta Mier, virtual candidato de Morena a la gubernatura de Puebla, dej\u00f3 entrever que buscar\u00e1 crear una megacoalici\u00f3n entre la coalici\u00f3n Seguimos Haciendo Historia y los partidos pol\u00edticos locales.<\/p>\n\n\n\n<p>En rueda de prensa este lunes 27 de noviembre, se\u00f1al\u00f3 que \u00abtodas las personas que amen a Puebla\u00bb son libres de integrarse a su equipo de trabajo y a Morena, siempre que se ci\u00f1an a los principios de la Cuarta Transformaci\u00f3n.<\/p>\n\n\n\n<p>Coment\u00f3 que entre los proyectos de inclusi\u00f3n que tiene planeados, se encuentran el hacer parte de su equipo a los excontendientes del proceso interno por la coordinaci\u00f3n de la 4T en Puebla y crear una mega coalici\u00f3n con los partidos locales.<\/p>\n\n\n\n<p>Tambi\u00e9n afirm\u00f3 que proceder\u00e1 penalmente en contra de aquellos que usen su nombre y cargo para prometer candidaturas para el pr\u00f3ximo proceso electoral, pues la designaci\u00f3n ser\u00e1 responsabilidad \u00fanicamente de las fuerzas pol\u00edticas.<\/p>\n\n\n\n<p>\u00abLa definici\u00f3n de las coordinaciones municipales no es mi responsabilidad, es responsabilidad de los partidos, en este caso, Morena, PT, Verde; a nivel nacional y local, y los partidos locales que est\u00e1n preparando la coalici\u00f3n. Estamos preparando una coalici\u00f3n de gran espectro\u00bb, detall\u00f3 el legislador.<\/p>\n\n\n\n<p>En otro tema, descart\u00f3 que el exsecretario de Gobernaci\u00f3n, Julio Miguel Huerta G\u00f3mez, sea su coordinador de campa\u00f1a rumbo a las elecciones del pr\u00f3ximo a\u00f1o, como se\u00f1alaron algunos medios de comunicaci\u00f3n.<\/p>\n\n\n\n<p>Dijo que ese cargo est\u00e1 asignado a Pavel Gaspar y que, aunque s\u00ed \u00able ech\u00f3 el ojo\u00bb al primo del exmandatario Miguel Barbosa Huerta para apoyarlo en su equipo de trabajo, \u00e9l se incorpor\u00f3 al proyecto de la precandidata \u00fanica de Morena a la presidencia, Claudia Sheinbaum Pardo.<\/p>\n","protected":false},"excerpt":{"rendered":"<p>El senador Alejandro Armenta Mier, virtual candidato de Morena a la gubernatura de Puebla, dej\u00f3 entrever que buscar\u00e1 crear una megacoalici\u00f3n entre la coalici\u00f3n Seguimos Haciendo Historia y los partidos pol\u00edticos locales. En rueda de prensa este lunes 27 de noviembre, se\u00f1al\u00f3 que \u00abtodas las personas que amen a Puebla\u00bb son libres de integrarse a [&hellip;]<\/p>\n","protected":false},"author":4,"featured_media":37635,"comment_status":"open","ping_status":"open","sticky":false,"template":"","format":"standard","meta":{"om_disable_all_campaigns":false,"_monsterinsights_skip_tracking":false,"_monsterinsights_sitenote_active":false,"_monsterinsights_sitenote_note":"","_monsterinsights_sitenote_category":0,"footnotes":""},"categories":[175],"tags":[195,223],"class_list":["post-37634","post","type-post","status-publish","format-standard","has-post-thumbnail","hentry","category-local","tag-principal","tag-puebla"],"amp_enabled":true,"_links":{"self":[{"href":"https:\/\/lahora.mx\/index.php\/wp-json\/wp\/v2\/posts\/37634","targetHints":{"allow":["GET"]}}],"collection":[{"href":"https:\/\/lahora.mx\/index.php\/wp-json\/wp\/v2\/posts"}],"about":[{"href":"https:\/\/lahora.mx\/index.php\/wp-json\/wp\/v2\/types\/post"}],"author":[{"embeddable":true,"href":"https:\/\/lahora.mx\/index.php\/wp-json\/wp\/v2\/users\/4"}],"replies":[{"embeddable":true,"href":"https:\/\/lahora.mx\/index.php\/wp-json\/wp\/v2\/comments?post=37634"}],"version-history":[{"count":1,"href":"https:\/\/lahora.mx\/index.php\/wp-json\/wp\/v2\/posts\/37634\/revisions"}],"predecessor-version":[{"id":37636,"href":"https:\/\/lahora.mx\/index.php\/wp-json\/wp\/v2\/posts\/37634\/revisions\/37636"}],"wp:featuredmedia":[{"embeddable":true,"href":"https:\/\/lahora.mx\/index.php\/wp-json\/wp\/v2\/media\/37635"}],"wp:attachment":[{"href":"https:\/\/lahora.mx\/index.php\/wp-json\/wp\/v2\/media?parent=37634"}],"wp:term":[{"taxonomy":"category","embeddable":true,"href":"https:\/\/lahora.mx\/index.php\/wp-json\/wp\/v2\/categories?post=37634"},{"taxonomy":"post_tag","embeddable":true,"href":"https:\/\/lahora.mx\/index.php\/wp-json\/wp\/v2\/tags?post=37634"}],"curies":[{"name":"wp","href":"https:\/\/api.w.org\/{rel}","templated":true}]}}