{"id":37625,"date":"2023-11-27T17:20:48","date_gmt":"2023-11-27T17:20:48","guid":{"rendered":"http:\/\/lahora.mx\/?p=37625"},"modified":"2023-11-27T17:20:49","modified_gmt":"2023-11-27T17:20:49","slug":"chofer-de-ruta-azteca-asesinado-deja-3-hijos-en-la-orfandad","status":"publish","type":"post","link":"https:\/\/lahora.mx\/index.php\/2023\/11\/27\/chofer-de-ruta-azteca-asesinado-deja-3-hijos-en-la-orfandad\/","title":{"rendered":"Chofer de Ruta Azteca asesinado deja 3 hijos en la orfandad"},"content":{"rendered":"\n<p>Jes\u00fas Reyes Padilla de 41 a\u00f1os de edad, chofer de la ruta Azteca asesinado en la V\u00eda Atlixc\u00e1yotl el pasado jueves 23 de noviembre dej\u00f3 a tres hijos en la orfandad; su familia asegura que era un hombre de bien y no ten\u00eda problemas con nadie, por lo que descartaron un ataque directo y exigieron justicia.<\/p>\n\n\n\n<p>\u201cIgor\u201d, como tambi\u00e9n le dec\u00edan de cari\u00f1o, empez\u00f3 a laborar en el transporte p\u00fablico desde los 16 a\u00f1os. Pas\u00f3 por la Ruta 52 y despu\u00e9s lleg\u00f3 a la Ruta Azteca (Rivera Anaya). En sus tiempos libres, tambi\u00e9n sol\u00eda trabajar como taxista, indicaron algunas amistades.<\/p>\n\n\n\n<p>\u201cHombre responsable, tranquilo y trabajador\u201d, es como familiares, amigos y colegas, recuerdan a Jes\u00fas, quien dej\u00f3 a una mujer viuda y tres hijos en la orfandad.<\/p>\n\n\n\n<p>Con flores, veladoras y mariachi, dolientes y gente cercana despidieron ayer domingo 26 de noviembre a Jes\u00fas, cuyo ata\u00fad fue llevado a su casa y despu\u00e9s a la vivienda de su madre, ambas en la colonia San Antonio Abad.<\/p>\n\n\n\n<p>Ah\u00ed, familiares de la v\u00edctima exigieron justicia pues est\u00e1n convencidos de que no se trat\u00f3 de un ajuste de cuentas ni de un ataque directo, sino que sospechan que podr\u00eda tratarse de sujetos que presuntamente andan haciendo disparos al aire sobre la vialidad y a quienes incluso se les adjudica el asesinato de un trabajador en la construcci\u00f3n frente a la Torre JV Inxignia.<\/p>\n","protected":false},"excerpt":{"rendered":"<p>Jes\u00fas Reyes Padilla de 41 a\u00f1os de edad, chofer de la ruta Azteca asesinado en la V\u00eda Atlixc\u00e1yotl el pasado jueves 23 de noviembre dej\u00f3 a tres hijos en la orfandad; su familia asegura que era un hombre de bien y no ten\u00eda problemas con nadie, por lo que descartaron un ataque directo y exigieron [&hellip;]<\/p>\n","protected":false},"author":4,"featured_media":37626,"comment_status":"open","ping_status":"open","sticky":false,"template":"","format":"standard","meta":{"om_disable_all_campaigns":false,"_monsterinsights_skip_tracking":false,"_monsterinsights_sitenote_active":false,"_monsterinsights_sitenote_note":"","_monsterinsights_sitenote_category":0,"footnotes":""},"categories":[175,226],"tags":[223],"class_list":["post-37625","post","type-post","status-publish","format-standard","has-post-thumbnail","hentry","category-local","category-policia","tag-puebla"],"amp_enabled":true,"_links":{"self":[{"href":"https:\/\/lahora.mx\/index.php\/wp-json\/wp\/v2\/posts\/37625","targetHints":{"allow":["GET"]}}],"collection":[{"href":"https:\/\/lahora.mx\/index.php\/wp-json\/wp\/v2\/posts"}],"about":[{"href":"https:\/\/lahora.mx\/index.php\/wp-json\/wp\/v2\/types\/post"}],"author":[{"embeddable":true,"href":"https:\/\/lahora.mx\/index.php\/wp-json\/wp\/v2\/users\/4"}],"replies":[{"embeddable":true,"href":"https:\/\/lahora.mx\/index.php\/wp-json\/wp\/v2\/comments?post=37625"}],"version-history":[{"count":1,"href":"https:\/\/lahora.mx\/index.php\/wp-json\/wp\/v2\/posts\/37625\/revisions"}],"predecessor-version":[{"id":37627,"href":"https:\/\/lahora.mx\/index.php\/wp-json\/wp\/v2\/posts\/37625\/revisions\/37627"}],"wp:featuredmedia":[{"embeddable":true,"href":"https:\/\/lahora.mx\/index.php\/wp-json\/wp\/v2\/media\/37626"}],"wp:attachment":[{"href":"https:\/\/lahora.mx\/index.php\/wp-json\/wp\/v2\/media?parent=37625"}],"wp:term":[{"taxonomy":"category","embeddable":true,"href":"https:\/\/lahora.mx\/index.php\/wp-json\/wp\/v2\/categories?post=37625"},{"taxonomy":"post_tag","embeddable":true,"href":"https:\/\/lahora.mx\/index.php\/wp-json\/wp\/v2\/tags?post=37625"}],"curies":[{"name":"wp","href":"https:\/\/api.w.org\/{rel}","templated":true}]}}