{"id":37622,"date":"2023-11-27T16:49:28","date_gmt":"2023-11-27T16:49:28","guid":{"rendered":"http:\/\/lahora.mx\/?p=37622"},"modified":"2023-11-27T16:49:29","modified_gmt":"2023-11-27T16:49:29","slug":"amplian-prision-preventiva-a-javier-duarte-por-desaparicion-forzada","status":"publish","type":"post","link":"https:\/\/lahora.mx\/index.php\/2023\/11\/27\/amplian-prision-preventiva-a-javier-duarte-por-desaparicion-forzada\/","title":{"rendered":"Ampl\u00edan prisi\u00f3n preventiva a Javier Duarte por desaparici\u00f3n forzada"},"content":{"rendered":"\n<p>Por el delito de desaparici\u00f3n forzada, un juez Penal de Pacho Viejo, en Coatepec, ampli\u00f3 un a\u00f1o m\u00e1s la medida de prisi\u00f3n preventiva al el exgobernador de Veracruz, Javier Duarte.<\/p>\n\n\n\n<p>En una audiencia que se llev\u00f3 a cabo de manera virtual, el juez ampli\u00f3 esta medida cautelar, la cual fue solicitada por la Fiscal\u00eda General de Veracruz (FGE). El lapso empez\u00f3 a contar desde el pasado 17 de noviembre de 2023.<\/p>\n\n\n\n<p>Se trata del proceso penal n\u00famero 103\/2018, por la desaparici\u00f3n del expolicia estatal, David Lara Cruz, en el a\u00f1o 2016, meses antes de que el exmandatario priista dejara el cargo.<\/p>\n\n\n\n<p>En noviembre de 2022 el exgobernador fue vinculado por estos hechos donde se le dict\u00f3 prisi\u00f3n preventiva.<\/p>\n\n\n\n<p>El caso de la desaparici\u00f3n del polic\u00eda se dio en el mes de enero de 2016 cuando David Lara Cruz acudi\u00f3 a unos ex\u00e1menes de control de confianza en la Secretar\u00eda de Seguridad P\u00fablica (SSP), sin embargo, y de acuerdo con sus familiares, al salir del lugar fue detenido por sus compa\u00f1eros.<\/p>\n\n\n\n<p>Los datos indican que nunca se report\u00f3 su detenci\u00f3n, y el 19 de enero se hallaron restos humanos en La Barranca de La Aurora, en la Localidad de la Tinaja, en Emiliano Zapata, incluyendo el cuerpo del joven.<\/p>\n\n\n\n<p>De acuerdo con la versi\u00f3n de la Fiscal\u00eda, posterior al hallazgo hubo manipulaci\u00f3n de la informaci\u00f3n por parte de las personas encargadas de realizar las diligencias.<\/p>\n\n\n\n<p>Los restos del expolicia, as\u00ed como el de otras 12 personas, fueron ocultados por la autoridad: s\u00f3lo se reportaron 6 cuerpos. En el caso de los restos de David Lara Cruz fueron removidos para simular que fueron hallados en la localidad de Santa Ana, en el municipio de Alto Lucero.<\/p>\n\n\n\n<p>Ante esto, la FGE tambi\u00e9n acusa a Gilberto Aguirre Garza, director de los Servicios Periciales y Carlota Zamudio Parroqu\u00edn, responsable de la Delegaci\u00f3n Regional de Polic\u00eda Ministerial, por alterar el informe sobre el hallazgo.<\/p>\n\n\n\n<p>Es de destacar que el exgobernador actualmente cumple una sentencia de 9 a\u00f1os de prisi\u00f3n tras reconocer su culpabilidad por lavado de dinero y asociaci\u00f3n delictuosa. <\/p>\n","protected":false},"excerpt":{"rendered":"<p>Por el delito de desaparici\u00f3n forzada, un juez Penal de Pacho Viejo, en Coatepec, ampli\u00f3 un a\u00f1o m\u00e1s la medida de prisi\u00f3n preventiva al el exgobernador de Veracruz, Javier Duarte. En una audiencia que se llev\u00f3 a cabo de manera virtual, el juez ampli\u00f3 esta medida cautelar, la cual fue solicitada por la Fiscal\u00eda General [&hellip;]<\/p>\n","protected":false},"author":4,"featured_media":37623,"comment_status":"open","ping_status":"open","sticky":false,"template":"","format":"standard","meta":{"om_disable_all_campaigns":false,"_monsterinsights_skip_tracking":false,"_monsterinsights_sitenote_active":false,"_monsterinsights_sitenote_note":"","_monsterinsights_sitenote_category":0,"footnotes":""},"categories":[176,226],"tags":[],"class_list":["post-37622","post","type-post","status-publish","format-standard","has-post-thumbnail","hentry","category-nacional","category-policia"],"amp_enabled":true,"_links":{"self":[{"href":"https:\/\/lahora.mx\/index.php\/wp-json\/wp\/v2\/posts\/37622","targetHints":{"allow":["GET"]}}],"collection":[{"href":"https:\/\/lahora.mx\/index.php\/wp-json\/wp\/v2\/posts"}],"about":[{"href":"https:\/\/lahora.mx\/index.php\/wp-json\/wp\/v2\/types\/post"}],"author":[{"embeddable":true,"href":"https:\/\/lahora.mx\/index.php\/wp-json\/wp\/v2\/users\/4"}],"replies":[{"embeddable":true,"href":"https:\/\/lahora.mx\/index.php\/wp-json\/wp\/v2\/comments?post=37622"}],"version-history":[{"count":1,"href":"https:\/\/lahora.mx\/index.php\/wp-json\/wp\/v2\/posts\/37622\/revisions"}],"predecessor-version":[{"id":37624,"href":"https:\/\/lahora.mx\/index.php\/wp-json\/wp\/v2\/posts\/37622\/revisions\/37624"}],"wp:featuredmedia":[{"embeddable":true,"href":"https:\/\/lahora.mx\/index.php\/wp-json\/wp\/v2\/media\/37623"}],"wp:attachment":[{"href":"https:\/\/lahora.mx\/index.php\/wp-json\/wp\/v2\/media?parent=37622"}],"wp:term":[{"taxonomy":"category","embeddable":true,"href":"https:\/\/lahora.mx\/index.php\/wp-json\/wp\/v2\/categories?post=37622"},{"taxonomy":"post_tag","embeddable":true,"href":"https:\/\/lahora.mx\/index.php\/wp-json\/wp\/v2\/tags?post=37622"}],"curies":[{"name":"wp","href":"https:\/\/api.w.org\/{rel}","templated":true}]}}