{"id":37550,"date":"2023-11-08T02:43:06","date_gmt":"2023-11-08T02:43:06","guid":{"rendered":"http:\/\/lahora.mx\/?p=37550"},"modified":"2023-11-27T02:43:55","modified_gmt":"2023-11-27T02:43:55","slug":"mexico-sinfonico-nuevamente-en-escena-en-beneficio-del-sedif","status":"publish","type":"post","link":"https:\/\/lahora.mx\/index.php\/2023\/11\/08\/mexico-sinfonico-nuevamente-en-escena-en-beneficio-del-sedif\/","title":{"rendered":"M\u00e9xico Sinf\u00f3nico nuevamente en escena en beneficio del SEDIF"},"content":{"rendered":"\n<p>Con el fin de recaudar fondos para apoyar la reinserci\u00f3n social de adolescentes que han vivido bajo la custodia del Estado, M\u00e9xico Sinf\u00f3nico, el espect\u00e1culo de las cinco compa\u00f1\u00edas art\u00edsticas de la BUAP acompa\u00f1adas del Mariachi Gama 1000, se presentar\u00e1 este 19 de noviembre, a las 18:00 horas, en el auditorio del Complejo Cultural Universitario (CCU).<\/p>\n\n\n\n<p>\u201cComo instituci\u00f3n es un gusto y un privilegio contribuir a ese fin\u201d, expres\u00f3 la Rectora Mar\u00eda Lilia Cedillo Ram\u00edrez, durante la presentaci\u00f3n de este espect\u00e1culo multidisciplinario que por segunda ocasi\u00f3n en el a\u00f1o tendr\u00e1 lugar y en el cual participan m\u00e1s de 200 artistas en escena para difundir el folklor y la m\u00fasica mexicana.<\/p>\n\n\n\n<p>\u201cA m\u00ed me llena de orgullo y alegr\u00eda participar en este evento que va a beneficiar a ni\u00f1os, ni\u00f1as y j\u00f3venes, a la poblaci\u00f3n m\u00e1s vulnerable del estado que desafortunadamente no tiene las mejores condiciones para salir adelante, pero a trav\u00e9s del DIF estatal se les est\u00e1 dando una oportunidad para cambiar su vida. En esta encomienda, nosotros queremos aportar a trav\u00e9s de las cinco compa\u00f1\u00edas que conforman este Complejo Cultural Universitario, que han montado con mucho profesionalismo y cari\u00f1o un espect\u00e1culo para todos los poblanos y poblanas\u201d, subray\u00f3 la Rectora de la BUAP.<\/p>\n\n\n\n<p>En rueda de prensa invit\u00f3 a la poblaci\u00f3n a disfrutar de este programa que recuerda nuestras tradiciones y or\u00edgenes, pero que tambi\u00e9n es motivo para estar en familia y apoyar un fin social. Asimismo, reconoci\u00f3 el trabajo de la presidenta del Patronato del Sistema Estatal del DIF (SEDIF), Gabriela Bonilla Parada, quien \u2013dijo- ha hecho una gran labor en beneficio de nuestros ni\u00f1os, adolescentes y familias poblanas. \u201cGracias do\u00f1a Gaby, porque en esta gran labor, al frente de este patronato, no s\u00f3lo ha puesto su empe\u00f1o, sino su coraz\u00f3n completo\u201d.<\/p>\n\n\n\n<p>Luego de reconocer que la BUAP es una gran aliada, Gabriela Bonilla explic\u00f3 que los recursos obtenidos con la venta de boletos para asistir a M\u00e9xico Sinf\u00f3nico se destinar\u00e1n para amueblar ocho departamentos para cuatro adolescentes ni\u00f1as y cuatro adolescentes ni\u00f1os, quienes est\u00e1n a punto de cumplir 18 a\u00f1os y no tienen familia ni v\u00ednculos o redes de apoyo para su reinserci\u00f3n social.<\/p>\n\n\n\n<p>\u201cHoy quiero agradecer con todo el coraz\u00f3n a la BUAP, representada por la Rectora. Como patronato tenemos un programa de acompa\u00f1amiento para los adolescentes que salen a los 18 a\u00f1os de nuestras casas de asistencia. Desafortunadamente hay j\u00f3venes que no tienen ninguna red de apoyo y son en quienes nos estamos enfocando. De la mano del gobierno del estado construiremos ocho departamentos: cuatro para adolescentes ni\u00f1as y cuatro para adolescentes ni\u00f1os\u201d, refiri\u00f3.<\/p>\n\n\n\n<p>Agreg\u00f3 que como patronato \u201cnos daremos a la tarea de dar acompa\u00f1amiento a estos j\u00f3venes durante seis meses m\u00e1s para su reinserci\u00f3n en la vida social, d\u00e1ndoles trabajo, vivienda y orientaci\u00f3n para que al t\u00e9rmino de ese periodo tengan las herramientas para enfrentarse a su vida diaria y real como adultos\u201d.<\/p>\n\n\n\n<p>En la presentaci\u00f3n de M\u00e9xico Sinf\u00f3nico participaron tambi\u00e9n la vocal del Patronato del SEDIF, Araceli Morales Bojalil; la directora de Comunicaci\u00f3n Institucional de la BUAP, Edwins Garc\u00eda Hern\u00e1ndez; la directora del CCU, Betzabeth D\u00edaz S\u00e1nchez; el representante del Mariachi Gama 1000, Jes\u00fas Gama; y los directores de las compa\u00f1\u00edas de Danza Contempor\u00e1nea, Titular de Teatro, Ballet Folkl\u00f3rico y Coro Sinf\u00f3nico, Patricia Estay, Mayho Moreno, Elena Santos y Antonio de la Rosa, respectivamente.<\/p>\n\n\n\n<p>Los boletos para asistir a M\u00e9xico Sinf\u00f3nico \u2013un montaje que combina danza, canto y tradiciones mexicanas, y en cuyo repertorio musical se encuentran el Jarabe Tapat\u00edo, el Son de la Negra, Cielo Rojo, Danz\u00f3n n.\u00b0 2 y el Huapango de Moncayo- se podr\u00e1n adquirir a partir de este jueves 9 de noviembre en las taquillas del CCU, en Superboletos y en las oficinas centrales del SEDIF. Su costo va de 100 hasta 500 pesos.<\/p>\n\n\n\n<p>B<\/p>\n","protected":false},"excerpt":{"rendered":"<p>Con el fin de recaudar fondos para apoyar la reinserci\u00f3n social de adolescentes que han vivido bajo la custodia del Estado, M\u00e9xico Sinf\u00f3nico, el espect\u00e1culo de las cinco compa\u00f1\u00edas art\u00edsticas de la BUAP acompa\u00f1adas del Mariachi Gama 1000, se presentar\u00e1 este 19 de noviembre, a las 18:00 horas, en el auditorio del Complejo Cultural Universitario [&hellip;]<\/p>\n","protected":false},"author":4,"featured_media":37551,"comment_status":"open","ping_status":"open","sticky":false,"template":"","format":"standard","meta":{"om_disable_all_campaigns":false,"_monsterinsights_skip_tracking":false,"_monsterinsights_sitenote_active":false,"_monsterinsights_sitenote_note":"","_monsterinsights_sitenote_category":0,"footnotes":""},"categories":[175],"tags":[223],"class_list":["post-37550","post","type-post","status-publish","format-standard","has-post-thumbnail","hentry","category-local","tag-puebla"],"amp_enabled":true,"_links":{"self":[{"href":"https:\/\/lahora.mx\/index.php\/wp-json\/wp\/v2\/posts\/37550","targetHints":{"allow":["GET"]}}],"collection":[{"href":"https:\/\/lahora.mx\/index.php\/wp-json\/wp\/v2\/posts"}],"about":[{"href":"https:\/\/lahora.mx\/index.php\/wp-json\/wp\/v2\/types\/post"}],"author":[{"embeddable":true,"href":"https:\/\/lahora.mx\/index.php\/wp-json\/wp\/v2\/users\/4"}],"replies":[{"embeddable":true,"href":"https:\/\/lahora.mx\/index.php\/wp-json\/wp\/v2\/comments?post=37550"}],"version-history":[{"count":1,"href":"https:\/\/lahora.mx\/index.php\/wp-json\/wp\/v2\/posts\/37550\/revisions"}],"predecessor-version":[{"id":37552,"href":"https:\/\/lahora.mx\/index.php\/wp-json\/wp\/v2\/posts\/37550\/revisions\/37552"}],"wp:featuredmedia":[{"embeddable":true,"href":"https:\/\/lahora.mx\/index.php\/wp-json\/wp\/v2\/media\/37551"}],"wp:attachment":[{"href":"https:\/\/lahora.mx\/index.php\/wp-json\/wp\/v2\/media?parent=37550"}],"wp:term":[{"taxonomy":"category","embeddable":true,"href":"https:\/\/lahora.mx\/index.php\/wp-json\/wp\/v2\/categories?post=37550"},{"taxonomy":"post_tag","embeddable":true,"href":"https:\/\/lahora.mx\/index.php\/wp-json\/wp\/v2\/tags?post=37550"}],"curies":[{"name":"wp","href":"https:\/\/api.w.org\/{rel}","templated":true}]}}