{"id":3734,"date":"2022-03-01T03:31:57","date_gmt":"2022-03-01T03:31:57","guid":{"rendered":"http:\/\/lahora.mx\/?p=3734"},"modified":"2022-03-01T03:31:57","modified_gmt":"2022-03-01T03:31:57","slug":"este-viernes-seran-las-comparecencias-para-integrar-consejo-de-busqueda-de-personas","status":"publish","type":"post","link":"https:\/\/lahora.mx\/index.php\/2022\/03\/01\/este-viernes-seran-las-comparecencias-para-integrar-consejo-de-busqueda-de-personas\/","title":{"rendered":"Este viernes ser\u00e1n las comparecencias para integrar Consejo de B\u00fasqueda de Personas"},"content":{"rendered":"\n<p>El pr\u00f3ximo viernes 4 de marzo se realizar\u00e1n las comparecencias de familiares de desaparecidos y especialistas en la materia que integrar\u00e1n el Consejo Ciudadano del Sistema Estatal y de la Comisi\u00f3n de B\u00fasqueda de Personas del Estado de Puebla.<\/p>\n\n\n\n<p>Las Comisiones Unidas de Gobernaci\u00f3n y Puntos Constitucionales y de Procuraci\u00f3n y Administraci\u00f3n de Justicia del Congreso del Estado aprobaron el formato y calendario de las comparecencias. En total diez familiares de personas desaparecidas y ocho especialistas se registraron como aspirantes a ocupar cuatro espacios en el consejo.<br><\/p>\n\n\n\n<p>Este 28 de febrero, los diputados que integran ambas comisiones avalaron por unanimidad de votos el acuerdo que contiene los criterios y la metodolog\u00eda para la evaluaci\u00f3n de las personas que aspiran, as\u00ed como el horario de las entrevistas.<\/p>\n\n\n\n<p>Los aspirantes que no se presenten en el lugar, fecha y hora perder\u00e1n su derecho a participar, de igual forma si se presentan con 10 minutos de retraso. La primera fase de comparecencias ser\u00e1 de 10:00 a 13:00 horas y la segunda de 16:00 a 18:20 horas.<\/p>\n\n\n\n<p>Terminadas las entrevistas, las comisiones unidas elaborar\u00e1n en sesi\u00f3n el acuerdo que contenga la propuesta de las cuatro personas mejor calificadas para integrar el Consejo Ciudadano, que hayan cumplido con los requisitos establecidos en la Ley de B\u00fasqueda de Personas del Estado de Puebla y las bases de la convocatoria.<\/p>\n\n\n\n<p>La presidenta de la Comisi\u00f3n de Gobernaci\u00f3n, M\u00f3nica Silva Ruiz, dijo que el proceso de selecci\u00f3n cumple con la paridad de g\u00e9nero, por tanto, los pr\u00f3ximos consejeros ser\u00e1n un familiar hombre y una mujer, y un especialista hombre y una mujer.<br><\/p>\n\n\n\n<p>La conformaci\u00f3n del Consejo Ciudadano es un pendiente que se estableci\u00f3 en la Ley de B\u00fasqueda de Personas del Estado aprobada el 24 de agosto de 2021, ante la presi\u00f3n social de las familias que integran el colectivo Voz de los Desaparecidos.<\/p>\n\n\n\n<p>Si bien el art\u00edculo 36 se\u00f1ala que el consejo estar\u00e1 integrado por cuatro familiares y dos especialistas de reconocido prestigio en la protecci\u00f3n y defensa de los derechos humanos, la b\u00fasqueda de personas desaparecidas o no localizadas o en la investigaci\u00f3n y persecuci\u00f3n de los delitos, solo habr\u00e1 dos espacios para las familias.<\/p>\n","protected":false},"excerpt":{"rendered":"<p>El pr\u00f3ximo viernes 4 de marzo se realizar\u00e1n las comparecencias de familiares de desaparecidos y especialistas en la materia que integrar\u00e1n el Consejo Ciudadano del Sistema Estatal y de la Comisi\u00f3n de B\u00fasqueda de Personas del Estado de Puebla. Las Comisiones Unidas de Gobernaci\u00f3n y Puntos Constitucionales y de Procuraci\u00f3n y Administraci\u00f3n de Justicia del [&hellip;]<\/p>\n","protected":false},"author":4,"featured_media":3735,"comment_status":"open","ping_status":"open","sticky":false,"template":"","format":"standard","meta":{"om_disable_all_campaigns":false,"_monsterinsights_skip_tracking":false,"_monsterinsights_sitenote_active":false,"_monsterinsights_sitenote_note":"","_monsterinsights_sitenote_category":0,"footnotes":""},"categories":[175],"tags":[223],"class_list":["post-3734","post","type-post","status-publish","format-standard","has-post-thumbnail","hentry","category-local","tag-puebla"],"amp_enabled":true,"_links":{"self":[{"href":"https:\/\/lahora.mx\/index.php\/wp-json\/wp\/v2\/posts\/3734","targetHints":{"allow":["GET"]}}],"collection":[{"href":"https:\/\/lahora.mx\/index.php\/wp-json\/wp\/v2\/posts"}],"about":[{"href":"https:\/\/lahora.mx\/index.php\/wp-json\/wp\/v2\/types\/post"}],"author":[{"embeddable":true,"href":"https:\/\/lahora.mx\/index.php\/wp-json\/wp\/v2\/users\/4"}],"replies":[{"embeddable":true,"href":"https:\/\/lahora.mx\/index.php\/wp-json\/wp\/v2\/comments?post=3734"}],"version-history":[{"count":1,"href":"https:\/\/lahora.mx\/index.php\/wp-json\/wp\/v2\/posts\/3734\/revisions"}],"predecessor-version":[{"id":3736,"href":"https:\/\/lahora.mx\/index.php\/wp-json\/wp\/v2\/posts\/3734\/revisions\/3736"}],"wp:featuredmedia":[{"embeddable":true,"href":"https:\/\/lahora.mx\/index.php\/wp-json\/wp\/v2\/media\/3735"}],"wp:attachment":[{"href":"https:\/\/lahora.mx\/index.php\/wp-json\/wp\/v2\/media?parent=3734"}],"wp:term":[{"taxonomy":"category","embeddable":true,"href":"https:\/\/lahora.mx\/index.php\/wp-json\/wp\/v2\/categories?post=3734"},{"taxonomy":"post_tag","embeddable":true,"href":"https:\/\/lahora.mx\/index.php\/wp-json\/wp\/v2\/tags?post=3734"}],"curies":[{"name":"wp","href":"https:\/\/api.w.org\/{rel}","templated":true}]}}