{"id":36735,"date":"2023-11-10T01:32:47","date_gmt":"2023-11-10T01:32:47","guid":{"rendered":"http:\/\/lahora.mx\/?p=36735"},"modified":"2023-11-10T01:32:48","modified_gmt":"2023-11-10T01:32:48","slug":"leonardo-lomeli-vanegas-es-elegido-como-nuevo-rector-de-la-unam","status":"publish","type":"post","link":"https:\/\/lahora.mx\/index.php\/2023\/11\/10\/leonardo-lomeli-vanegas-es-elegido-como-nuevo-rector-de-la-unam\/","title":{"rendered":"Leonardo Lomel\u00ed Vanegas  es elegido como nuevo rector de la UNAM"},"content":{"rendered":"\n<p>Tras cuatro d\u00edas de sesionar en la Torre de Rector\u00eda, la Junta de Gobierno de la Universidad Nacional Aut\u00f3noma de M\u00e9xico (UNAM) eligi\u00f3 a Leonardo Lomel\u00ed Vanegas como su nuevo rector para el periodo 2023 &#8211; 2027.<\/p>\n\n\n\n<p>El aspirante por segunda ocasi\u00f3n, actualmente manten\u00eda el cargo de secretario general de la m\u00e1xima casa de estudios en el pa\u00eds, designado por el aun rector Enrique Graue Wiechers.<\/p>\n\n\n\n<p>Leonardo Lomel\u00ed Vanegas es puma desde la educaci\u00f3n media superior, pues estudi\u00f3 en la Preparatoria 9, Pedro de Alba. Luego, ingres\u00f3 a la Facultad de Econom\u00eda donde termin\u00f3 su licenciatura con Menci\u00f3n Honor\u00edfica.<\/p>\n\n\n\n<p>M\u00e1s adelante, empez\u00f3 la licenciatura en historia en la Facultad de Filosof\u00eda y Letras (FFyL) para donde tambi\u00e9n curs\u00f3 la maestr\u00eda y doctorado con Menci\u00f3n Honor\u00edfica y recibi\u00f3 la medalla Alfonso Caso por ser el egresado m\u00e1s sobresaliente de la maestr\u00eda, de acuerdo con la Junta de Gobierno de la UNAM.<\/p>\n\n\n\n<p>Para Leonardo Lomel\u00ed Vanegas, la educaci\u00f3n es el instrumento m\u00e1s importante de transformaci\u00f3n social del pa\u00eds, de ah\u00ed su inter\u00e9s en participar en el proceso de sucesi\u00f3n de esta instituci\u00f3n educativa.<\/p>\n","protected":false},"excerpt":{"rendered":"<p>Tras cuatro d\u00edas de sesionar en la Torre de Rector\u00eda, la Junta de Gobierno de la Universidad Nacional Aut\u00f3noma de M\u00e9xico (UNAM) eligi\u00f3 a Leonardo Lomel\u00ed Vanegas como su nuevo rector para el periodo 2023 &#8211; 2027. El aspirante por segunda ocasi\u00f3n, actualmente manten\u00eda el cargo de secretario general de la m\u00e1xima casa de estudios [&hellip;]<\/p>\n","protected":false},"author":4,"featured_media":36736,"comment_status":"open","ping_status":"open","sticky":false,"template":"","format":"standard","meta":{"om_disable_all_campaigns":false,"_monsterinsights_skip_tracking":false,"_monsterinsights_sitenote_active":false,"_monsterinsights_sitenote_note":"","_monsterinsights_sitenote_category":0,"footnotes":""},"categories":[176],"tags":[],"class_list":["post-36735","post","type-post","status-publish","format-standard","has-post-thumbnail","hentry","category-nacional"],"amp_enabled":true,"_links":{"self":[{"href":"https:\/\/lahora.mx\/index.php\/wp-json\/wp\/v2\/posts\/36735","targetHints":{"allow":["GET"]}}],"collection":[{"href":"https:\/\/lahora.mx\/index.php\/wp-json\/wp\/v2\/posts"}],"about":[{"href":"https:\/\/lahora.mx\/index.php\/wp-json\/wp\/v2\/types\/post"}],"author":[{"embeddable":true,"href":"https:\/\/lahora.mx\/index.php\/wp-json\/wp\/v2\/users\/4"}],"replies":[{"embeddable":true,"href":"https:\/\/lahora.mx\/index.php\/wp-json\/wp\/v2\/comments?post=36735"}],"version-history":[{"count":1,"href":"https:\/\/lahora.mx\/index.php\/wp-json\/wp\/v2\/posts\/36735\/revisions"}],"predecessor-version":[{"id":36737,"href":"https:\/\/lahora.mx\/index.php\/wp-json\/wp\/v2\/posts\/36735\/revisions\/36737"}],"wp:featuredmedia":[{"embeddable":true,"href":"https:\/\/lahora.mx\/index.php\/wp-json\/wp\/v2\/media\/36736"}],"wp:attachment":[{"href":"https:\/\/lahora.mx\/index.php\/wp-json\/wp\/v2\/media?parent=36735"}],"wp:term":[{"taxonomy":"category","embeddable":true,"href":"https:\/\/lahora.mx\/index.php\/wp-json\/wp\/v2\/categories?post=36735"},{"taxonomy":"post_tag","embeddable":true,"href":"https:\/\/lahora.mx\/index.php\/wp-json\/wp\/v2\/tags?post=36735"}],"curies":[{"name":"wp","href":"https:\/\/api.w.org\/{rel}","templated":true}]}}