{"id":36719,"date":"2023-11-09T21:10:51","date_gmt":"2023-11-09T21:10:51","guid":{"rendered":"http:\/\/lahora.mx\/?p=36719"},"modified":"2023-11-09T21:10:52","modified_gmt":"2023-11-09T21:10:52","slug":"lucy-meza-se-anuncia-para-la-gubernatura-de-morelos","status":"publish","type":"post","link":"https:\/\/lahora.mx\/index.php\/2023\/11\/09\/lucy-meza-se-anuncia-para-la-gubernatura-de-morelos\/","title":{"rendered":"Lucy Meza se anuncia  para la gubernatura de Morelos"},"content":{"rendered":"\n<p>Tras renunciar a Morena, los dirigentes nacionales del PRI, PAN y PRD, integrados en el Frente Amplio por M\u00e9xico (FAM), construyeron coincidencias y presentaron este jueves 9 de noviembre a la senadora Lucy Meza como su propuesta para la gubernatura de Morelos.<\/p>\n\n\n\n<p>\u201cVamos con Lucy y con X\u00f3chitl\u201d, advirtieron Alejandro Moreno, dirigente nacional del PRI; Marko Cort\u00e9s, del PAN, y Jes\u00fas Zambrano, del PRD, al presentar a la exmorenista como una mujer morelense que se suma a la reconstrucci\u00f3n de M\u00e9xico y a un cambio profundo para el estado.<\/p>\n\n\n\n<p>Lucy Meza agradeci\u00f3 la oportunidad y el respaldo de las dirigencias nacionales de los partidos que integran el Frente Amplio por M\u00e9xico, as\u00ed como de los partidos locales, para que Morelos logre su pacificaci\u00f3n y la tranquilidad de las familias morelenses.<\/p>\n\n\n\n<p><\/p>\n\n\n\n<p>\u201cHoy, nuevamente, surge una nueva esperanza para el estado de Morelos, necesitamos recuperar el desarrollo social y econ\u00f3mico que nos han robado. Vamos en contra de la corrupci\u00f3n, impunidad y del mal gobierno\u201d, dijo Lucy Meza.<\/p>\n\n\n\n<p>Alejandro Moreno sostuvo que hoy se reafirma el compromiso del FAM de impulsar a mujeres comprometidas y honestas: \u201cEs fundamental construir la unidad entre los partidos nacionales y locales. Vamos a ser una gran fuerza y un gran equipo para recuperar a Morelos\u201d.<br>Marko Cort\u00e9s advirti\u00f3 que M\u00e9xico requiere que todos los que se est\u00e1n dando cuenta de que las cosas van de mal en peor, se sumen a los esfuerzos para corregir el rumbo. \u201cLucy, sabemos que, con tu fuerza, con nuestra fuerza y con los mejores talentos de Morelos, vamos a ganar\u201d, declar\u00f3.<\/p>\n\n\n\n<p>Jes\u00fas Zambrano Grijalva dijo que con Lucy Meza, y por el bien de Morelos, los tres partidos del Frente Amplio est\u00e1n cerrando filas porque las familias morelenses podr\u00e1n salir de la terrible crisis que enfrentan en las diferentes \u00e1reas.<\/p>\n\n\n\n<p>\u201cVamos con X\u00f3chitl para rescatar al pa\u00eds, ella es una mujer echada para adelante y Lucy Meza es la mejor de Morelos, coincidieron los tres dirigentes nacionales\u201d, declar\u00f3.<\/p>\n","protected":false},"excerpt":{"rendered":"<p>Tras renunciar a Morena, los dirigentes nacionales del PRI, PAN y PRD, integrados en el Frente Amplio por M\u00e9xico (FAM), construyeron coincidencias y presentaron este jueves 9 de noviembre a la senadora Lucy Meza como su propuesta para la gubernatura de Morelos. \u201cVamos con Lucy y con X\u00f3chitl\u201d, advirtieron Alejandro Moreno, dirigente nacional del PRI; [&hellip;]<\/p>\n","protected":false},"author":4,"featured_media":36720,"comment_status":"open","ping_status":"open","sticky":false,"template":"","format":"standard","meta":{"om_disable_all_campaigns":false,"_monsterinsights_skip_tracking":false,"_monsterinsights_sitenote_active":false,"_monsterinsights_sitenote_note":"","_monsterinsights_sitenote_category":0,"footnotes":""},"categories":[176,5],"tags":[128],"class_list":["post-36719","post","type-post","status-publish","format-standard","has-post-thumbnail","hentry","category-nacional","category-politica","tag-politics"],"amp_enabled":true,"_links":{"self":[{"href":"https:\/\/lahora.mx\/index.php\/wp-json\/wp\/v2\/posts\/36719","targetHints":{"allow":["GET"]}}],"collection":[{"href":"https:\/\/lahora.mx\/index.php\/wp-json\/wp\/v2\/posts"}],"about":[{"href":"https:\/\/lahora.mx\/index.php\/wp-json\/wp\/v2\/types\/post"}],"author":[{"embeddable":true,"href":"https:\/\/lahora.mx\/index.php\/wp-json\/wp\/v2\/users\/4"}],"replies":[{"embeddable":true,"href":"https:\/\/lahora.mx\/index.php\/wp-json\/wp\/v2\/comments?post=36719"}],"version-history":[{"count":1,"href":"https:\/\/lahora.mx\/index.php\/wp-json\/wp\/v2\/posts\/36719\/revisions"}],"predecessor-version":[{"id":36721,"href":"https:\/\/lahora.mx\/index.php\/wp-json\/wp\/v2\/posts\/36719\/revisions\/36721"}],"wp:featuredmedia":[{"embeddable":true,"href":"https:\/\/lahora.mx\/index.php\/wp-json\/wp\/v2\/media\/36720"}],"wp:attachment":[{"href":"https:\/\/lahora.mx\/index.php\/wp-json\/wp\/v2\/media?parent=36719"}],"wp:term":[{"taxonomy":"category","embeddable":true,"href":"https:\/\/lahora.mx\/index.php\/wp-json\/wp\/v2\/categories?post=36719"},{"taxonomy":"post_tag","embeddable":true,"href":"https:\/\/lahora.mx\/index.php\/wp-json\/wp\/v2\/tags?post=36719"}],"curies":[{"name":"wp","href":"https:\/\/api.w.org\/{rel}","templated":true}]}}