{"id":36705,"date":"2023-11-09T16:18:20","date_gmt":"2023-11-09T16:18:20","guid":{"rendered":"http:\/\/lahora.mx\/?p=36705"},"modified":"2023-11-09T16:18:21","modified_gmt":"2023-11-09T16:18:21","slug":"camara-de-diputados-aprueba-presupuesto-de-egresos-2024","status":"publish","type":"post","link":"https:\/\/lahora.mx\/index.php\/2023\/11\/09\/camara-de-diputados-aprueba-presupuesto-de-egresos-2024\/","title":{"rendered":"C\u00e1mara de Diputados aprueba Presupuesto de Egresos 2024"},"content":{"rendered":"\n<p>Durante la madrugada del jueves 9 de noviembre, la C\u00e1mara de Diputados aprob\u00f3 el dictamen en lo particular del Presupuesto de Egresos de la Federaci\u00f3n (PEF) para el Ejercicio Fiscal 2024, luego de haberlo discutido durante martes y mi\u00e9rcoles tras la aprobaci\u00f3n en lo general el pasado lunes 6 de noviembre.<\/p>\n\n\n\n<p>Luego de que los diputados presentaran sus reservas, se pas\u00f3 a la votaci\u00f3n del Presupuesto de Egresos, misma que registr\u00f3 266 votos a favor, 204 votos en contra y una sola abstenci\u00f3n. El gasto total previsto dentro del Presupuesto de Egresos qued\u00f3 establecido en 9.06 billones de pesos.<\/p>\n\n\n\n<p>De acuerdo con reportes, el presupuesto sufri\u00f3 tres grandes modificaciones luego de su aprobaci\u00f3n sin cambios en lo general: el Consejo de la Judicatura del Poder Judicial de la Federaci\u00f3n (PJF) dejar\u00e1 de recibir 500 millones de pesos, mismos que se le dar\u00e1n al Tribunal Electoral del PJF.<\/p>\n\n\n\n<p>Asimismo, se estableci\u00f3 que, en dado caso que el Poder Judicial llegue a obtener dinero de los fideicomisos judiciales, \u00e9ste tendr\u00e1 que ser donado a la reconstrucci\u00f3n de Guerrero tras las afectaciones del hurac\u00e1n Otis, pues de lo contrario no se podr\u00e1 utilizar ese ingreso.<\/p>\n\n\n\n<p>Te puede interesar:<\/p>\n\n\n\n<p>Diputados aprueban en lo general el Proyecto de Presupuesto de Egresos 2024<\/p>\n\n\n\n<p>flecha derecha<\/p>\n\n\n\n<p>La \u00faltima modificaci\u00f3n que sufri\u00f3 el Presupuesto de Egresos previo a su votaci\u00f3n y aprobaci\u00f3n en San L\u00e1zaro fue la creaci\u00f3n de un grupo de seguimiento para la inversi\u00f3n en pueblos ind\u00edgenas.<\/p>\n\n\n\n<p>Por otro lado, se desestim\u00f3 la propuesta de la bancada del Revolucionario Institucional (PRI) de redirigir los recursos destinados al pago de la deuda del Fobaproa para la reconstrucci\u00f3n de las zonas que el hurac\u00e1n Otis afect\u00f3.<\/p>\n\n\n\n<p>Debido a esto, el Presupuesto de Egresos no present\u00f3 apoyo expl\u00edcito para la reconstrucci\u00f3n de Acapulco, adem\u00e1s de que se realiz\u00f3 el recorte de 13 mil millones de pesos para el Instituto Nacional Electoral (INE), el Instituto Nacional de Transparencia, Acceso a la Informaci\u00f3n y Protecci\u00f3n de Datos Personales (INAI), la Comisi\u00f3n Federal de Competencia Econ\u00f3mica (Cofece) y los Poderes Legislativo y Judicial.<\/p>\n\n\n\n<p>Sin embargo, se estableci\u00f3 que esos 13 mil millones sean destinados a becas, aunque gracias a la falta de an\u00e1lisis y petici\u00f3n por parte de la Secretar\u00eda de Educaci\u00f3n P\u00fablica (SEP), algunos diputados creen que se corre el riesgo de que ese dinero termine yendo al Tren Maya a trav\u00e9s de subejercicios.<\/p>\n\n\n\n<p>Te puede interesar:<\/p>\n\n\n\n<p>Juez Federal suspende temporalmente eliminaci\u00f3n de fideicomisos de PJF<\/p>\n\n\n\n<p>flecha derecha<\/p>\n\n\n\n<p>De igual manera, se aprob\u00f3 la creaci\u00f3n de un fondo discrecional de infraestructura estatal, raz\u00f3n por la que se decidi\u00f3 quitar m\u00e1s de 7 mil millones de pesos a todos los estados y municipios, pues ser\u00e1 a trav\u00e9s de este fondo que se manejar\u00e1 dicha inversi\u00f3n.<\/p>\n\n\n\n<p>Ignacio Mier, felicitado por los morenistas tras la aprobaci\u00f3n del PEF<br>Entre aplausos y gritos de \u201cgobernador, gobernador\u201d, Ignacio Mier Velazco, coordinador de la bancada de Morena en la C\u00e1mara de Diputados, fue celebrado tras la aprobaci\u00f3n del Presupuesto de Egresos, quien se\u00f1al\u00f3 que haberlo aprobado representa un avance en beneficio de m\u00e1s de 30 millones de familias mexicanas.<\/p>\n\n\n\n<p>El aspirante a la Coordinaci\u00f3n de la Defensa de la Cuarta Transformaci\u00f3n en Puebla se\u00f1al\u00f3 que el PEF aprobado para el pr\u00f3ximo a\u00f1o tiene un alto sentido social, con finanzas sanas y recursos suficientes para la reconstrucci\u00f3n de Acapulco.<\/p>\n\n\n\n<p>De la misma forma, expres\u00f3 que \u201ces congruente con un proyecto que lleva 30 a\u00f1os luchando y que en cinco a\u00f1os ha logrado transformar la vida p\u00fablica en M\u00e9xico y el renacimiento de la naci\u00f3n\u201d, lo que significa esperanza, bienestar, lealtad y consistencia con el pueblo de M\u00e9xico.<\/p>\n\n\n\n<p>El l\u00edder morenista se\u00f1al\u00f3 que lo que se busca con el PEF 2024 es impulsar el crecimiento econ\u00f3mico y el desarrollo social, pues si se incrementa el consumo, se mantienen estables los indicadores macroecon\u00f3micos y \u201cle da respuesta a nuestras hermanas y hermanos en Acapulco; est\u00e1 garantizado\u201d.<\/p>\n\n\n\n<p>AMLO celebra la aprobaci\u00f3n del Presupuesto de Egresos 2024<\/p>\n\n\n\n<p>El presidente Andr\u00e9s Manuel L\u00f3pez Obrador celebr\u00f3 la aprobaci\u00f3n del Presupuesto de Egresos durante su conferencia de prensa matutina, al decir que es algo hist\u00f3rico que se haya aprobado sin moches, en lo que ser\u00e1 el \u00faltimo presupuesto que le toca presentar.<\/p>\n\n\n\n<p>\u201cHace muy poco se aprob\u00f3 el presupuesto. Estoy content\u00edsimo, muy contento\u201d, se\u00f1al\u00f3 L\u00f3pez Obrador al inicio de la conferencia. \u201cEs el presupuesto para el bienestar, para seguir combatiendo a la pobreza y para seguir reduciendo la desigualdad econ\u00f3mica y social.\u201d<\/p>\n\n\n\n<p>\u201cAdem\u00e1s, adicionalmente, ya es el \u00faltimo presupuesto que me toca presentar y todos los presupuestos del gobierno que encabezo se han aprobado sin moches. Es hist\u00f3rico, in\u00e9dito, en los \u00faltimos tiempos, cuando el presupuesto se repart\u00eda entre partidos\u201d, a\u00f1adi\u00f3 el presidente mexicano.<\/p>\n\n\n\n<p>Se\u00f1al\u00f3 que, en el pasado, el presupuesto se dispersaba y le tocaba en su mayor\u00eda a los pol\u00edticos, a los hombres del r\u00e9gimen y a los medios de informaci\u00f3n, algo que en su gobierno no sucedi\u00f3. \u201cMaiceada a todos para que no hubiera cr\u00edticas.\u201d<\/p>\n\n\n\n<p>L\u00f3pez Obrador agreg\u00f3 que en el pasado \u201ctodo el mundo compraba conciencias, compraban lealtades, compraban aplausos. Los medios nada m\u00e1s se dedicaban a quemar incienso al presidente en turno. \u00bfCu\u00e1ndo iban a haber insultos al presidente?,\u201d finaliz\u00f3.<\/p>\n","protected":false},"excerpt":{"rendered":"<p>Durante la madrugada del jueves 9 de noviembre, la C\u00e1mara de Diputados aprob\u00f3 el dictamen en lo particular del Presupuesto de Egresos de la Federaci\u00f3n (PEF) para el Ejercicio Fiscal 2024, luego de haberlo discutido durante martes y mi\u00e9rcoles tras la aprobaci\u00f3n en lo general el pasado lunes 6 de noviembre. Luego de que los [&hellip;]<\/p>\n","protected":false},"author":4,"featured_media":36706,"comment_status":"open","ping_status":"open","sticky":false,"template":"","format":"standard","meta":{"om_disable_all_campaigns":false,"_monsterinsights_skip_tracking":false,"_monsterinsights_sitenote_active":false,"_monsterinsights_sitenote_note":"","_monsterinsights_sitenote_category":0,"footnotes":""},"categories":[176],"tags":[195],"class_list":["post-36705","post","type-post","status-publish","format-standard","has-post-thumbnail","hentry","category-nacional","tag-principal"],"amp_enabled":true,"_links":{"self":[{"href":"https:\/\/lahora.mx\/index.php\/wp-json\/wp\/v2\/posts\/36705","targetHints":{"allow":["GET"]}}],"collection":[{"href":"https:\/\/lahora.mx\/index.php\/wp-json\/wp\/v2\/posts"}],"about":[{"href":"https:\/\/lahora.mx\/index.php\/wp-json\/wp\/v2\/types\/post"}],"author":[{"embeddable":true,"href":"https:\/\/lahora.mx\/index.php\/wp-json\/wp\/v2\/users\/4"}],"replies":[{"embeddable":true,"href":"https:\/\/lahora.mx\/index.php\/wp-json\/wp\/v2\/comments?post=36705"}],"version-history":[{"count":1,"href":"https:\/\/lahora.mx\/index.php\/wp-json\/wp\/v2\/posts\/36705\/revisions"}],"predecessor-version":[{"id":36707,"href":"https:\/\/lahora.mx\/index.php\/wp-json\/wp\/v2\/posts\/36705\/revisions\/36707"}],"wp:featuredmedia":[{"embeddable":true,"href":"https:\/\/lahora.mx\/index.php\/wp-json\/wp\/v2\/media\/36706"}],"wp:attachment":[{"href":"https:\/\/lahora.mx\/index.php\/wp-json\/wp\/v2\/media?parent=36705"}],"wp:term":[{"taxonomy":"category","embeddable":true,"href":"https:\/\/lahora.mx\/index.php\/wp-json\/wp\/v2\/categories?post=36705"},{"taxonomy":"post_tag","embeddable":true,"href":"https:\/\/lahora.mx\/index.php\/wp-json\/wp\/v2\/tags?post=36705"}],"curies":[{"name":"wp","href":"https:\/\/api.w.org\/{rel}","templated":true}]}}