{"id":36686,"date":"2023-11-08T22:25:12","date_gmt":"2023-11-08T22:25:12","guid":{"rendered":"http:\/\/lahora.mx\/?p=36686"},"modified":"2023-11-08T22:25:12","modified_gmt":"2023-11-08T22:25:12","slug":"xochitl-galvez-se-registra-como-precandidata-a-la-presidencia-por-el-pan","status":"publish","type":"post","link":"https:\/\/lahora.mx\/index.php\/2023\/11\/08\/xochitl-galvez-se-registra-como-precandidata-a-la-presidencia-por-el-pan\/","title":{"rendered":"X\u00f3chitl G\u00e1lvez se registra como precandidata a la Presidencia por el PAN"},"content":{"rendered":"\n<p>La virtual candidata a la Presidencia de la Rep\u00fablica por el Frente Amplio por M\u00e9xico (FAM), la senadora X\u00f3chitl G\u00e1lvez Ruiz, se registr\u00f3 como precandidata presidencial por el Partido Acci\u00f3n Nacional (PAN).<\/p>\n\n\n\n<p>G\u00e1lvez Ruiz acudi\u00f3 este mi\u00e9rcoles 8 de noviembre a las oficinas del Comit\u00e9 Ejecutivo Nacional del PAN para entregar la documentaci\u00f3n necesaria y con ello inscribirse como precandidata del blanquiazul para las elecciones 2024.<\/p>\n\n\n\n<p>\u201cHoy iniciamos la batalla m\u00e1s importante, de la lucha por la libertad, de la lucha por la democracia, hoy iniciamos una batalla que va a rendir frutos, vamos a alcanzar a la candidata oficial (Claudia Sheinbaum) y vamos a arrasar\u201d, coment\u00f3 la panista al concluir con su registro en el CEN del blanquiazul.<\/p>\n\n\n\n<p>La senadora estuvo acompa\u00f1ada por el dirigente nacional del PAN, Marko Cort\u00e9s, as\u00ed como de Margarita Zavala y otras figuras panistas de todo el pa\u00eds.<\/p>\n\n\n\n<p>En el evento, la precandidata presidencial lanz\u00f3 un llamado a la militancia para que no antepongan cualquier proyecto personal, y que en su lugar le apoyen para lograr el cambio, a la vez que agreg\u00f3 que si bien a algunos no les toc\u00f3 ser candidatos, s\u00ed van gobernar al lado de ella.<\/p>\n\n\n\n<p>\u201cDejemos atr\u00e1s cualquier proyecto personal, comprendo que muchos hemos trabajado por un sue\u00f1o, pero hoy de lo que se trata es de ponernos de acuerdo, y hoy si no te toca ser diputado, candidato a gobernador, te toca caminar conmigo y juntos vamos a ser gobierno\u201d, enfatiz\u00f3.<\/p>\n\n\n\n<p>En tanto, el l\u00edder nacional del PAN, Marko Cort\u00e9s, dio la bienvenida a la senadora, a quien record\u00f3 que \u201cpor aclamaci\u00f3n fue elegida como responsable del Frente Amplio por M\u00e9xico, que logr\u00f3 unir y sumar a la sociedad y partidos de oposici\u00f3n\u201d.<\/p>\n\n\n\n<p>\u201cEnhorabuena amiga, porque estoy seguro que contigo corregiremos el rumbo de M\u00e9xico\u201d, coment\u00f3 entre gritos de \u201c\u00a1presidenta, presidenta!\u201d.<\/p>\n\n\n\n<p>\u201cEstamos hoy aqu\u00ed en Acci\u00f3n Nacional recibiendo formalmente la solicitud de registro para la precandidatura a la Presidencia de la Rep\u00fablica de X\u00f3chitl G\u00e1lvez. El d\u00eda de hoy formalizamos este registro y nos declaramos listos para comenzar esa brega, ese recorrer de M\u00e9xico en toda la precampa\u00f1a a partir del 20 de noviembre. Estamos listos, mi querida X\u00f3chitl, para acompa\u00f1arte por todo el pa\u00eds\u201d, agreg\u00f3.<\/p>\n\n\n\n<p>Finalmente, el l\u00edder nacional blanquiazul destac\u00f3 la unidad de su partido con X\u00f3chitl G\u00e1lvez, como el \u201cmejor proyecto\u201d para los comicios electorales de 2024. (MIG)<\/p>\n","protected":false},"excerpt":{"rendered":"<p>La virtual candidata a la Presidencia de la Rep\u00fablica por el Frente Amplio por M\u00e9xico (FAM), la senadora X\u00f3chitl G\u00e1lvez Ruiz, se registr\u00f3 como precandidata presidencial por el Partido Acci\u00f3n Nacional (PAN). G\u00e1lvez Ruiz acudi\u00f3 este mi\u00e9rcoles 8 de noviembre a las oficinas del Comit\u00e9 Ejecutivo Nacional del PAN para entregar la documentaci\u00f3n necesaria y [&hellip;]<\/p>\n","protected":false},"author":4,"featured_media":36687,"comment_status":"open","ping_status":"open","sticky":false,"template":"","format":"standard","meta":{"om_disable_all_campaigns":false,"_monsterinsights_skip_tracking":false,"_monsterinsights_sitenote_active":false,"_monsterinsights_sitenote_note":"","_monsterinsights_sitenote_category":0,"footnotes":""},"categories":[176],"tags":[195],"class_list":["post-36686","post","type-post","status-publish","format-standard","has-post-thumbnail","hentry","category-nacional","tag-principal"],"amp_enabled":true,"_links":{"self":[{"href":"https:\/\/lahora.mx\/index.php\/wp-json\/wp\/v2\/posts\/36686","targetHints":{"allow":["GET"]}}],"collection":[{"href":"https:\/\/lahora.mx\/index.php\/wp-json\/wp\/v2\/posts"}],"about":[{"href":"https:\/\/lahora.mx\/index.php\/wp-json\/wp\/v2\/types\/post"}],"author":[{"embeddable":true,"href":"https:\/\/lahora.mx\/index.php\/wp-json\/wp\/v2\/users\/4"}],"replies":[{"embeddable":true,"href":"https:\/\/lahora.mx\/index.php\/wp-json\/wp\/v2\/comments?post=36686"}],"version-history":[{"count":1,"href":"https:\/\/lahora.mx\/index.php\/wp-json\/wp\/v2\/posts\/36686\/revisions"}],"predecessor-version":[{"id":36688,"href":"https:\/\/lahora.mx\/index.php\/wp-json\/wp\/v2\/posts\/36686\/revisions\/36688"}],"wp:featuredmedia":[{"embeddable":true,"href":"https:\/\/lahora.mx\/index.php\/wp-json\/wp\/v2\/media\/36687"}],"wp:attachment":[{"href":"https:\/\/lahora.mx\/index.php\/wp-json\/wp\/v2\/media?parent=36686"}],"wp:term":[{"taxonomy":"category","embeddable":true,"href":"https:\/\/lahora.mx\/index.php\/wp-json\/wp\/v2\/categories?post=36686"},{"taxonomy":"post_tag","embeddable":true,"href":"https:\/\/lahora.mx\/index.php\/wp-json\/wp\/v2\/tags?post=36686"}],"curies":[{"name":"wp","href":"https:\/\/api.w.org\/{rel}","templated":true}]}}