{"id":36663,"date":"2023-11-08T19:42:11","date_gmt":"2023-11-08T19:42:11","guid":{"rendered":"http:\/\/lahora.mx\/?p=36663"},"modified":"2023-11-08T19:42:12","modified_gmt":"2023-11-08T19:42:12","slug":"declaran-al-municipio-de-venustiano-carranza-como-desastre-natural-por-otis","status":"publish","type":"post","link":"https:\/\/lahora.mx\/index.php\/2023\/11\/08\/declaran-al-municipio-de-venustiano-carranza-como-desastre-natural-por-otis\/","title":{"rendered":"Declaran al municipio de Venustiano Carranza  como desastre natural por Otis"},"content":{"rendered":"\n<p>Con el objetivo de destinar recursos financieros y humanos suficientes para la atenci\u00f3n de los da\u00f1os ocasionados por los remanentes del hurac\u00e1n Otis en el municipio de Venustiano Carranza, el gobernador de Puebla, Sergio Salom\u00f3n C\u00e9spedes Peregrina, emiti\u00f3 una declaratoria oficial por desastre natural.<\/p>\n\n\n\n<p>En el Peri\u00f3dico Oficial del Estado (POE) qued\u00f3 asentada la determinaci\u00f3n hecha por el mandatario poblano, en la cual se declar\u00f3 que la mencionada demarcaci\u00f3n, que est\u00e1 situada en la Sierra Norte, se encuentra en estado de riesgo por la ocurrencia de lluvias y fuertes vientos el pasado 25 de octubre.<\/p>\n\n\n\n<p>Seg\u00fan el documento, que entr\u00f3 en vigencia el pasado 6 de noviembre, se contabilizaron 316 viviendas afectadas por el hurac\u00e1n, todas ellas situadas en las comunidades de Agua Fr\u00eda, Centro, Tepoquen, El Calvario, Palmitas, Vicente Guerrero, Tumbadero y Coronel Tito Hern\u00e1ndez. Tambi\u00e9n se identificaron da\u00f1o en la carretera municipal Agua Fr\u00eda-San Jos\u00e9 Pueblo Viejo.<\/p>\n\n\n\n<p>MP Federal investigar\u00e1 construcci\u00f3n ilegal de puente en Las Lajas: gobernador<br>As\u00ed, con la declaratoria por desastre natural, el titular del Poder Ejecutivo local instruy\u00f3 a la Secretar\u00eda de Planeaci\u00f3n y Finanzas (SPF) asignar los recursos materiales y financieros que sean necesarios para la reparaci\u00f3n de viviendas e inmuebles p\u00fablicos da\u00f1ados en Venustiano Carranza.<\/p>\n\n\n\n<p>\u201cLa SPF, con base en los diagn\u00f3sticos correspondientes, deber\u00e1 gestionar, asignar o destinar los recursos materiales y financieros para la atenci\u00f3n de las viviendas e infraestructuras p\u00fablicas afectadas, conforme a la normatividad aplicable y sin perjuicio de las atribuciones conferidas a las dem\u00e1s dependencias y entidades que conforman el Sistema Estatal de Protecci\u00f3n Civil\u201d, estipul\u00f3 el documento.<\/p>\n\n\n\n<p>Esta misma disposici\u00f3n ser\u00e1 aplicable para el resto de dependencias del gabinete estatal. Es decir, otras secretar\u00edas deber\u00e1n destinar el capital humano y econ\u00f3mico que sea necesario para realizar gastos que permitan atender las necesidades derivadas de los estragos del hurac\u00e1n Otis en la Sierra Norte.<\/p>\n\n\n\n<p>Por otra parte, con este decreto se determin\u00f3 que el Sistema Estatal de Protecci\u00f3n Civil podr\u00e1 solicitar informaci\u00f3n a todas las autoridades de la entidad, en especial las responsables de los servicios p\u00fablicos vitales y estrat\u00e9gicos. Lo anterior deber\u00e1 ser atendido puntualmente por las distintas dependencias.<\/p>\n\n\n\n<p>Por otra parte, el mandatario C\u00e9spedes Peregrina enfatiz\u00f3 en el documento que, con el objetivo de atender los estragos del fen\u00f3meno natural, el gobierno estatal emiti\u00f3 una serie de recomendaciones, las cuales permanecen vigentes desde el momento en que se desat\u00f3 la tormenta.<\/p>\n\n\n\n<p>Algunas de estas acciones han sido, activar los refugios temporales, establecer grupos de trabajo interinstitucionales para la evaluaci\u00f3n de necesidades, entregar v\u00edveres e insumos de primera necesidad, limpieza de inmuebles particulares y p\u00fablicos, as\u00ed como garantizar los servicios de salud y seguridad p\u00fablica en todo momento.<\/p>\n\n\n\n<p>Crisis en Venustiano Carranza, interminables necesidades y limpieza<br>Del mismo modo, se indic\u00f3 que con la declaratoria por desastre natural se recomend\u00f3 a las autoridades de Venustiano Carranza suspender las actividades c\u00edvicas y escolares en toda la demarcaci\u00f3n hasta que no exista certeza sobre el buen estado de los inmuebles.<\/p>\n\n\n\n<p>Para finalizar, cabe recordar que, seg\u00fan lo informado previamente por el gobernador C\u00e9spedes Peregrina, de las 316 viviendas afectadas por los remanentes del hurac\u00e1n Otis el pasado 25 de octubre, al menos 12 resultaron en p\u00e9rdida total.<\/p>\n","protected":false},"excerpt":{"rendered":"<p>Con el objetivo de destinar recursos financieros y humanos suficientes para la atenci\u00f3n de los da\u00f1os ocasionados por los remanentes del hurac\u00e1n Otis en el municipio de Venustiano Carranza, el gobernador de Puebla, Sergio Salom\u00f3n C\u00e9spedes Peregrina, emiti\u00f3 una declaratoria oficial por desastre natural. En el Peri\u00f3dico Oficial del Estado (POE) qued\u00f3 asentada la determinaci\u00f3n [&hellip;]<\/p>\n","protected":false},"author":4,"featured_media":36664,"comment_status":"open","ping_status":"open","sticky":false,"template":"","format":"standard","meta":{"om_disable_all_campaigns":false,"_monsterinsights_skip_tracking":false,"_monsterinsights_sitenote_active":false,"_monsterinsights_sitenote_note":"","_monsterinsights_sitenote_category":0,"footnotes":""},"categories":[176],"tags":[195,223],"class_list":["post-36663","post","type-post","status-publish","format-standard","has-post-thumbnail","hentry","category-nacional","tag-principal","tag-puebla"],"amp_enabled":true,"_links":{"self":[{"href":"https:\/\/lahora.mx\/index.php\/wp-json\/wp\/v2\/posts\/36663","targetHints":{"allow":["GET"]}}],"collection":[{"href":"https:\/\/lahora.mx\/index.php\/wp-json\/wp\/v2\/posts"}],"about":[{"href":"https:\/\/lahora.mx\/index.php\/wp-json\/wp\/v2\/types\/post"}],"author":[{"embeddable":true,"href":"https:\/\/lahora.mx\/index.php\/wp-json\/wp\/v2\/users\/4"}],"replies":[{"embeddable":true,"href":"https:\/\/lahora.mx\/index.php\/wp-json\/wp\/v2\/comments?post=36663"}],"version-history":[{"count":1,"href":"https:\/\/lahora.mx\/index.php\/wp-json\/wp\/v2\/posts\/36663\/revisions"}],"predecessor-version":[{"id":36665,"href":"https:\/\/lahora.mx\/index.php\/wp-json\/wp\/v2\/posts\/36663\/revisions\/36665"}],"wp:featuredmedia":[{"embeddable":true,"href":"https:\/\/lahora.mx\/index.php\/wp-json\/wp\/v2\/media\/36664"}],"wp:attachment":[{"href":"https:\/\/lahora.mx\/index.php\/wp-json\/wp\/v2\/media?parent=36663"}],"wp:term":[{"taxonomy":"category","embeddable":true,"href":"https:\/\/lahora.mx\/index.php\/wp-json\/wp\/v2\/categories?post=36663"},{"taxonomy":"post_tag","embeddable":true,"href":"https:\/\/lahora.mx\/index.php\/wp-json\/wp\/v2\/tags?post=36663"}],"curies":[{"name":"wp","href":"https:\/\/api.w.org\/{rel}","templated":true}]}}