{"id":36660,"date":"2023-11-08T19:29:36","date_gmt":"2023-11-08T19:29:36","guid":{"rendered":"http:\/\/lahora.mx\/?p=36660"},"modified":"2023-11-08T19:29:37","modified_gmt":"2023-11-08T19:29:37","slug":"amlo-confirma-ruta-mexico-puebla-en-el-proyecto-de-trenes-de-pasajeros","status":"publish","type":"post","link":"https:\/\/lahora.mx\/index.php\/2023\/11\/08\/amlo-confirma-ruta-mexico-puebla-en-el-proyecto-de-trenes-de-pasajeros\/","title":{"rendered":"AMLO confirma ruta M\u00e9xico-Puebla en el proyecto de trenes de pasajeros"},"content":{"rendered":"\n<p>Este 8 de noviembre fue confirmada la ruta ferroviaria Ciudad de M\u00e9xico-Puebla-Veracruz, por el presidente de M\u00e9xico, Andr\u00e9s Manuel L\u00f3pez Obrador (AMLO), al anunciar un ambicioso proyecto de trenes de pasajeros.<\/p>\n\n\n\n<p>Durante su conferencia de prensa, la \u201cma\u00f1anera\u201d, el titular del Poder Ejecutivo Federal, revel\u00f3 que el pr\u00f3ximo que 20 de noviembre, en el marco del aniversario de la Revoluci\u00f3n Mexicana, emitir\u00e1 un decreto para utilizar 20 mil kil\u00f3metros de v\u00edas f\u00e9rreas de carga para trenes de pasajeros.<\/p>\n\n\n\n<p>\u201cQuiero que para el 20 de noviembre, se de a conocer un decreto por el cual vamos a tomar la decisi\u00f3n de utilizar, convocando a los concesionarios que entreg\u00f3 Ernesto Zedillo, para que todas las v\u00edas de los ferrocarriles de M\u00e9xico de carga puedan utilizar, porque hay facultad legal, para trenes de pasajeros\u201d, indic\u00f3 AMLO.<\/p>\n\n\n\n<p>Explic\u00f3 que no es una expropiaci\u00f3n, aunque la ley contempla hacer uso de este derecho en beneficio del pueblo mexicano, pero se dar\u00e1 preferencia a quienes ya tienen las concesiones de trenes de carga.<\/p>\n\n\n\n<p>\u201cMe tengo que adelantar, no es expropiaci\u00f3n, est\u00e1 en la Constituci\u00f3n y en la Ley; es nada m\u00e1s hacer uso del derecho que tenemos para que se utilice toda la infraestructura en beneficio del pueblo de M\u00e9xico\u201d, explic\u00f3.<\/p>\n\n\n\n<p>Indic\u00f3 que de este modo, en un tiempo razonable deber\u00e1n presentar un proyecto, para convertir las v\u00edas para trenes de pasajeros.<\/p>\n\n\n\n<p>\u201cSi los concesionarios deciden que no van a participar en otorgar el servicio de trenes de pasajeros y van a seguir s\u00f3lo con el de carga, nosotros vamos a tomar la decisi\u00f3n de que el Estado mexicano inicie un programa para la adquisici\u00f3n de trenes de pasajeros y se utilicen las mismas v\u00edas para que vuelva el servicio de trenes al pa\u00eds\u201d, explic\u00f3.<\/p>\n\n\n\n<p>Al acusar al expresidente Ernesto Zedillo, a quien calific\u00f3 como \u201ctecn\u00f3crata irresponsable y corrupto\u201d, indic\u00f3 que acab\u00f3 en un abrir y cerrar de ojos, los trenes de pasajeros.<\/p>\n\n\n\n<p>De esta manera, adelant\u00f3 que el gobierno federal busca que se pueda viajar en ferrocarril a bajo costo, seguro y c\u00f3modo desde Canc\u00fan hasta la Ciudad de M\u00e9xico (CDMX.<\/p>\n\n\n\n<p>Asimismo, desde CDMX a Guadalajara, Nayarit, Sinaloa, Sonora, Quer\u00e9taro, San Luis Potos\u00ed, Nuevo Laredo y hasta Chihuahua.<\/p>\n","protected":false},"excerpt":{"rendered":"<p>Este 8 de noviembre fue confirmada la ruta ferroviaria Ciudad de M\u00e9xico-Puebla-Veracruz, por el presidente de M\u00e9xico, Andr\u00e9s Manuel L\u00f3pez Obrador (AMLO), al anunciar un ambicioso proyecto de trenes de pasajeros. Durante su conferencia de prensa, la \u201cma\u00f1anera\u201d, el titular del Poder Ejecutivo Federal, revel\u00f3 que el pr\u00f3ximo que 20 de noviembre, en el marco [&hellip;]<\/p>\n","protected":false},"author":4,"featured_media":36661,"comment_status":"open","ping_status":"open","sticky":false,"template":"","format":"standard","meta":{"om_disable_all_campaigns":false,"_monsterinsights_skip_tracking":false,"_monsterinsights_sitenote_active":false,"_monsterinsights_sitenote_note":"","_monsterinsights_sitenote_category":0,"footnotes":""},"categories":[175,176],"tags":[195,223],"class_list":["post-36660","post","type-post","status-publish","format-standard","has-post-thumbnail","hentry","category-local","category-nacional","tag-principal","tag-puebla"],"amp_enabled":true,"_links":{"self":[{"href":"https:\/\/lahora.mx\/index.php\/wp-json\/wp\/v2\/posts\/36660","targetHints":{"allow":["GET"]}}],"collection":[{"href":"https:\/\/lahora.mx\/index.php\/wp-json\/wp\/v2\/posts"}],"about":[{"href":"https:\/\/lahora.mx\/index.php\/wp-json\/wp\/v2\/types\/post"}],"author":[{"embeddable":true,"href":"https:\/\/lahora.mx\/index.php\/wp-json\/wp\/v2\/users\/4"}],"replies":[{"embeddable":true,"href":"https:\/\/lahora.mx\/index.php\/wp-json\/wp\/v2\/comments?post=36660"}],"version-history":[{"count":1,"href":"https:\/\/lahora.mx\/index.php\/wp-json\/wp\/v2\/posts\/36660\/revisions"}],"predecessor-version":[{"id":36662,"href":"https:\/\/lahora.mx\/index.php\/wp-json\/wp\/v2\/posts\/36660\/revisions\/36662"}],"wp:featuredmedia":[{"embeddable":true,"href":"https:\/\/lahora.mx\/index.php\/wp-json\/wp\/v2\/media\/36661"}],"wp:attachment":[{"href":"https:\/\/lahora.mx\/index.php\/wp-json\/wp\/v2\/media?parent=36660"}],"wp:term":[{"taxonomy":"category","embeddable":true,"href":"https:\/\/lahora.mx\/index.php\/wp-json\/wp\/v2\/categories?post=36660"},{"taxonomy":"post_tag","embeddable":true,"href":"https:\/\/lahora.mx\/index.php\/wp-json\/wp\/v2\/tags?post=36660"}],"curies":[{"name":"wp","href":"https:\/\/api.w.org\/{rel}","templated":true}]}}