{"id":36657,"date":"2023-11-08T19:14:34","date_gmt":"2023-11-08T19:14:34","guid":{"rendered":"http:\/\/lahora.mx\/?p=36657"},"modified":"2023-11-08T19:14:35","modified_gmt":"2023-11-08T19:14:35","slug":"el-mandatario-amlo-firmara-decreto-para-uso-de-vias-ferreas-por-trenes-de-pasajeros","status":"publish","type":"post","link":"https:\/\/lahora.mx\/index.php\/2023\/11\/08\/el-mandatario-amlo-firmara-decreto-para-uso-de-vias-ferreas-por-trenes-de-pasajeros\/","title":{"rendered":"El mandatario AMLO firmar\u00e1  decreto para uso de v\u00edas f\u00e9rreas por trenes de pasajeros"},"content":{"rendered":"\n<p>Un decreto que permitir\u00e1 utilizar los m\u00e1s de 20 mil kil\u00f3metros de v\u00edas f\u00e9rreas del pa\u00eds por trenes de pasajeros ser\u00e1 firmado por el presidente Andr\u00e9s Manuel L\u00f3pez Obrador el pr\u00f3ximo 20 de noviembre; invit\u00f3 a los concesionarios de las v\u00edas enfocados en transporte de carga a presentar proyectos para el uso de trenes de pasajeros, en caso de que no lo hagan, invitar\u00e1 a otros empresarios o el Estado se har\u00e1 cargo del proyecto.<\/p>\n\n\n\n<p>\u201cVamos a darle primero la preferencia a quienes ya tienen las concesiones de trenes de carga para que en un tiempo razonable nos presenten un proyecto y se usen esas v\u00edas \u2026 Si en un tiempo razonable deciden que no van a participar en los trenes de pasajeros, nosotros vamos a tomar la decisi\u00f3n de que el Estado mexicano inicie un programa para la adquisici\u00f3n de trenes de pasajeros y se usen las mismas v\u00edas para que vuelva el servicio\u201d, indic\u00f3 L\u00f3pez Obrador.<\/p>\n\n\n\n<p>Firmar\u00e1 AMLO decreto para uso de v\u00edas f\u00e9rreas por trenes de pasajeros<br>Fue durante su conferencia matinal de este mi\u00e9rcoles 8 de noviembre, el titular del Ejecutivo federal inform\u00f3 sobre su decisi\u00f3n; aclar\u00f3 que esta iniciativa no es una expropiaci\u00f3n, ya que su uso est\u00e1 marcado en la ley.<\/p>\n\n\n\n<p>\u201cY de una vez, porque me tengo que adelantar, no es expropiaci\u00f3n, est\u00e1 en la Constituci\u00f3n y en la ley. Es nada m\u00e1s hacer uso del derecho que tenemos para que se utilice toda esa infraestructura en beneficio del pueblo de M\u00e9xico\u201d, asegur\u00f3 el Presidente desde Palacio Nacional.<\/p>\n\n\n\n<p>AMLO mencion\u00f3 que desea con esta acci\u00f3n que las personas se puedan trasladar de extremo a extremo del pa\u00eds utilizando el tren de pasajeros y a\u00f1adi\u00f3 que la reutilizaci\u00f3n de las v\u00edas f\u00e9rreas para el transporte humano coadyuvar\u00e1 en el combate a la contaminaci\u00f3n del pa\u00eds.<\/p>\n\n\n\n<p>Firmar\u00e1 AMLO decreto para uso de v\u00edas f\u00e9rreas por trenes de pasajeros<br>\u201cQueremos que se pueda viajar desde Canc\u00fan a la Ciudad de M\u00e9xico en tren, desde Guadalajara a Nayarit, a Sinaloa, Sonora. De la CDMX a Quer\u00e9taro, San Luis Potos\u00ed, Monterrey, hasta Nuevo Laredo, de la Ciudad de M\u00e9xico hasta Chihuahua, en tren\u201d, asever\u00f3 L\u00f3pez Obrador.<\/p>\n\n\n\n<p>Ser\u00e1 entonces el pr\u00f3ximo 20 de noviembre que el decreto para el uso de trenes de pasajeros en los m\u00e1s de 20 mil kil\u00f3metros de v\u00edas f\u00e9rreas nacionales se firme por el presidente L\u00f3pez Obrador; en caso de no contar con el apoyo privado para el proyecto, asegur\u00f3 que el Estado se har\u00e1 cargo de llevarlo a cabo como con el Tren Maya o el Tren del Istmo. (MIG)<\/p>\n","protected":false},"excerpt":{"rendered":"<p>Un decreto que permitir\u00e1 utilizar los m\u00e1s de 20 mil kil\u00f3metros de v\u00edas f\u00e9rreas del pa\u00eds por trenes de pasajeros ser\u00e1 firmado por el presidente Andr\u00e9s Manuel L\u00f3pez Obrador el pr\u00f3ximo 20 de noviembre; invit\u00f3 a los concesionarios de las v\u00edas enfocados en transporte de carga a presentar proyectos para el uso de trenes de [&hellip;]<\/p>\n","protected":false},"author":4,"featured_media":36658,"comment_status":"open","ping_status":"open","sticky":false,"template":"","format":"standard","meta":{"om_disable_all_campaigns":false,"_monsterinsights_skip_tracking":false,"_monsterinsights_sitenote_active":false,"_monsterinsights_sitenote_note":"","_monsterinsights_sitenote_category":0,"footnotes":""},"categories":[176],"tags":[195,223],"class_list":["post-36657","post","type-post","status-publish","format-standard","has-post-thumbnail","hentry","category-nacional","tag-principal","tag-puebla"],"amp_enabled":true,"_links":{"self":[{"href":"https:\/\/lahora.mx\/index.php\/wp-json\/wp\/v2\/posts\/36657","targetHints":{"allow":["GET"]}}],"collection":[{"href":"https:\/\/lahora.mx\/index.php\/wp-json\/wp\/v2\/posts"}],"about":[{"href":"https:\/\/lahora.mx\/index.php\/wp-json\/wp\/v2\/types\/post"}],"author":[{"embeddable":true,"href":"https:\/\/lahora.mx\/index.php\/wp-json\/wp\/v2\/users\/4"}],"replies":[{"embeddable":true,"href":"https:\/\/lahora.mx\/index.php\/wp-json\/wp\/v2\/comments?post=36657"}],"version-history":[{"count":1,"href":"https:\/\/lahora.mx\/index.php\/wp-json\/wp\/v2\/posts\/36657\/revisions"}],"predecessor-version":[{"id":36659,"href":"https:\/\/lahora.mx\/index.php\/wp-json\/wp\/v2\/posts\/36657\/revisions\/36659"}],"wp:featuredmedia":[{"embeddable":true,"href":"https:\/\/lahora.mx\/index.php\/wp-json\/wp\/v2\/media\/36658"}],"wp:attachment":[{"href":"https:\/\/lahora.mx\/index.php\/wp-json\/wp\/v2\/media?parent=36657"}],"wp:term":[{"taxonomy":"category","embeddable":true,"href":"https:\/\/lahora.mx\/index.php\/wp-json\/wp\/v2\/categories?post=36657"},{"taxonomy":"post_tag","embeddable":true,"href":"https:\/\/lahora.mx\/index.php\/wp-json\/wp\/v2\/tags?post=36657"}],"curies":[{"name":"wp","href":"https:\/\/api.w.org\/{rel}","templated":true}]}}