{"id":36654,"date":"2023-11-08T19:08:51","date_gmt":"2023-11-08T19:08:51","guid":{"rendered":"http:\/\/lahora.mx\/?p=36654"},"modified":"2023-11-08T19:08:51","modified_gmt":"2023-11-08T19:08:51","slug":"juez-federal-suspende-temporalmente-eliminacion-de-fideicomisos-de-pjf","status":"publish","type":"post","link":"https:\/\/lahora.mx\/index.php\/2023\/11\/08\/juez-federal-suspende-temporalmente-eliminacion-de-fideicomisos-de-pjf\/","title":{"rendered":"Juez Federal suspende temporalmente eliminaci\u00f3n de fideicomisos de PJF"},"content":{"rendered":"\n<p>Los magistrados y trabajadores de la Judicatura Federal lograron una suspensi\u00f3n provisional contra el decreto federal que propone eliminar 13 de 14 fideicomisos del Poder Judicial de la Federaci\u00f3n (PJF), que otorg\u00f3 una juez federal en la Ciudad de M\u00e9xico a trav\u00e9s del juicio de amparo indirecto n\u00famero 1754\/2023.<\/p>\n\n\n\n<p>La Asociaci\u00f3n Nacional de Magistrados de Circuito y Jueces de Distrito del Poder Judicial de la Federaci\u00f3n anunciaron que tras esta suspensi\u00f3n se analizar\u00e1n las violaciones a la \u201cindependencia y autonom\u00eda judicial\u201d cometidas en el proceso legislativo por el cual fue aprobado.<\/p>\n\n\n\n<p>El representante de la Asociaci\u00f3n, el magistrado Froyl\u00e1n Mu\u00f1oz Alvarado, se\u00f1al\u00f3 que pugnar\u00e1n por un resultado constitucional, respetando la divisi\u00f3n de poderes, la seguridad social y los derechos laborales de los integrantes de la Judicatura Federal.<\/p>\n\n\n\n<p>\u201cSer\u00e1 el resultado de una sentencia constitucional, no de un acuerdo de mayor\u00edas ni de planteamiento pol\u00edtico alguno, lo que defina el destino correcto de los fondos de diversos fideicomisos con que cuenta el Poder Judicial de la Federaci\u00f3n\u201d, acot\u00f3.<\/p>\n\n\n\n<p>El magistrado inform\u00f3 que presentar\u00e1n una demanda de amparo contra la aprobaci\u00f3n del Presupuesto de Egresos para el Ejercicio Fiscal del 2024 al considerar que los legisladores est\u00e1n vulnerando la autonom\u00eda financiera y, en consecuencia, la independencia del PJF.<\/p>\n\n\n\n<p>Sin embargo, esta demanda ser\u00e1 analizada entre los integrantes de la direcci\u00f3n nacional y con las direcciones regionales para actuar contra el Ejecutivo, siendo el representante en Puebla el magistrado Jos\u00e9 S. Suero Alva.<\/p>\n\n\n\n<p>El pasado 18 de octubre, la C\u00e1mara de Diputados aprob\u00f3 la desaparici\u00f3n de 13 de 14 fideicomisos del Poder Judicial de la Federaci\u00f3n, lo que representar\u00eda un recorte presupuestal de 15 mil 280 millones de pesos, afectando al menos 55 mil trabajadores del cuerpo judicial en el pa\u00eds.<\/p>\n\n\n\n<p>Al respecto, el presidente Andr\u00e9s Manuel L\u00f3pez Obrador asegur\u00f3 que los trabajadores del PJF no tendr\u00edan afectaciones, pues este recorte atiende supuestamente a quitar los \u201cprivilegios de los de arriba\u201d. (JC)<\/p>\n","protected":false},"excerpt":{"rendered":"<p>Los magistrados y trabajadores de la Judicatura Federal lograron una suspensi\u00f3n provisional contra el decreto federal que propone eliminar 13 de 14 fideicomisos del Poder Judicial de la Federaci\u00f3n (PJF), que otorg\u00f3 una juez federal en la Ciudad de M\u00e9xico a trav\u00e9s del juicio de amparo indirecto n\u00famero 1754\/2023. La Asociaci\u00f3n Nacional de Magistrados de [&hellip;]<\/p>\n","protected":false},"author":4,"featured_media":36655,"comment_status":"open","ping_status":"open","sticky":false,"template":"","format":"standard","meta":{"om_disable_all_campaigns":false,"_monsterinsights_skip_tracking":false,"_monsterinsights_sitenote_active":false,"_monsterinsights_sitenote_note":"","_monsterinsights_sitenote_category":0,"footnotes":""},"categories":[175],"tags":[223],"class_list":["post-36654","post","type-post","status-publish","format-standard","has-post-thumbnail","hentry","category-local","tag-puebla"],"amp_enabled":true,"_links":{"self":[{"href":"https:\/\/lahora.mx\/index.php\/wp-json\/wp\/v2\/posts\/36654","targetHints":{"allow":["GET"]}}],"collection":[{"href":"https:\/\/lahora.mx\/index.php\/wp-json\/wp\/v2\/posts"}],"about":[{"href":"https:\/\/lahora.mx\/index.php\/wp-json\/wp\/v2\/types\/post"}],"author":[{"embeddable":true,"href":"https:\/\/lahora.mx\/index.php\/wp-json\/wp\/v2\/users\/4"}],"replies":[{"embeddable":true,"href":"https:\/\/lahora.mx\/index.php\/wp-json\/wp\/v2\/comments?post=36654"}],"version-history":[{"count":1,"href":"https:\/\/lahora.mx\/index.php\/wp-json\/wp\/v2\/posts\/36654\/revisions"}],"predecessor-version":[{"id":36656,"href":"https:\/\/lahora.mx\/index.php\/wp-json\/wp\/v2\/posts\/36654\/revisions\/36656"}],"wp:featuredmedia":[{"embeddable":true,"href":"https:\/\/lahora.mx\/index.php\/wp-json\/wp\/v2\/media\/36655"}],"wp:attachment":[{"href":"https:\/\/lahora.mx\/index.php\/wp-json\/wp\/v2\/media?parent=36654"}],"wp:term":[{"taxonomy":"category","embeddable":true,"href":"https:\/\/lahora.mx\/index.php\/wp-json\/wp\/v2\/categories?post=36654"},{"taxonomy":"post_tag","embeddable":true,"href":"https:\/\/lahora.mx\/index.php\/wp-json\/wp\/v2\/tags?post=36654"}],"curies":[{"name":"wp","href":"https:\/\/api.w.org\/{rel}","templated":true}]}}