{"id":36645,"date":"2023-11-08T18:43:36","date_gmt":"2023-11-08T18:43:36","guid":{"rendered":"http:\/\/lahora.mx\/?p=36645"},"modified":"2023-11-08T18:43:37","modified_gmt":"2023-11-08T18:43:37","slug":"hallan-cuerpo-embolsado-con-narcomensaje-en-cuetzalan","status":"publish","type":"post","link":"https:\/\/lahora.mx\/index.php\/2023\/11\/08\/hallan-cuerpo-embolsado-con-narcomensaje-en-cuetzalan\/","title":{"rendered":"Hallan cuerpo embolsado con narcomensaje en Cuetzalan"},"content":{"rendered":"\n<p>Con un presunto narcomensaje fue hallado la ma\u00f1ana del martes 7 de noviembre un cad\u00e1ver embolsado en una cuneta de la carretera estatal Cuetzalan-Zacapoaxtla, en el punto conocido como la Aurora.<\/p>\n\n\n\n<p>De acuerdo con los primeros reportes, fueron vecinos de la zona que transitaban por la carretera entre las comunidades de Otimaxal y Xocoyolo, quienes se percataron del bulto abandonado a la altura del kil\u00f3metro 004+500, por lo que dieron aviso a las autoridades.<\/p>\n\n\n\n<p>Al lugar acudieron polic\u00edas municipales y del estado, quienes no s\u00f3lo confirmaron el hallazgo del cad\u00e1ver, sino que tambi\u00e9n encontraron una cartulina con un narcomensaje que dec\u00eda: \u201cEsto les va a pasar a todas las ratas\u201d, por lo que se presume que el homicidio fue un ajuste de cuentas entre bandas delictivas.<\/p>\n\n\n\n<p>A\u00fan se desconoce la identidad del hoy occiso como tampoco versi\u00f3n alguna de la autoridad sobre la probable causa de muerte, mientras que las investigaciones de este caso quedaron a cargo de la Coordinaci\u00f3n General Especializada en Investigaci\u00f3n de Homicidios de la Fiscal\u00eda General del Estado (FGE) de Puebla. (JC)<\/p>\n","protected":false},"excerpt":{"rendered":"<p>Con un presunto narcomensaje fue hallado la ma\u00f1ana del martes 7 de noviembre un cad\u00e1ver embolsado en una cuneta de la carretera estatal Cuetzalan-Zacapoaxtla, en el punto conocido como la Aurora. De acuerdo con los primeros reportes, fueron vecinos de la zona que transitaban por la carretera entre las comunidades de Otimaxal y Xocoyolo, quienes [&hellip;]<\/p>\n","protected":false},"author":4,"featured_media":36646,"comment_status":"open","ping_status":"open","sticky":false,"template":"","format":"standard","meta":{"om_disable_all_campaigns":false,"_monsterinsights_skip_tracking":false,"_monsterinsights_sitenote_active":false,"_monsterinsights_sitenote_note":"","_monsterinsights_sitenote_category":0,"footnotes":""},"categories":[175,226],"tags":[223],"class_list":["post-36645","post","type-post","status-publish","format-standard","has-post-thumbnail","hentry","category-local","category-policia","tag-puebla"],"amp_enabled":true,"_links":{"self":[{"href":"https:\/\/lahora.mx\/index.php\/wp-json\/wp\/v2\/posts\/36645","targetHints":{"allow":["GET"]}}],"collection":[{"href":"https:\/\/lahora.mx\/index.php\/wp-json\/wp\/v2\/posts"}],"about":[{"href":"https:\/\/lahora.mx\/index.php\/wp-json\/wp\/v2\/types\/post"}],"author":[{"embeddable":true,"href":"https:\/\/lahora.mx\/index.php\/wp-json\/wp\/v2\/users\/4"}],"replies":[{"embeddable":true,"href":"https:\/\/lahora.mx\/index.php\/wp-json\/wp\/v2\/comments?post=36645"}],"version-history":[{"count":1,"href":"https:\/\/lahora.mx\/index.php\/wp-json\/wp\/v2\/posts\/36645\/revisions"}],"predecessor-version":[{"id":36647,"href":"https:\/\/lahora.mx\/index.php\/wp-json\/wp\/v2\/posts\/36645\/revisions\/36647"}],"wp:featuredmedia":[{"embeddable":true,"href":"https:\/\/lahora.mx\/index.php\/wp-json\/wp\/v2\/media\/36646"}],"wp:attachment":[{"href":"https:\/\/lahora.mx\/index.php\/wp-json\/wp\/v2\/media?parent=36645"}],"wp:term":[{"taxonomy":"category","embeddable":true,"href":"https:\/\/lahora.mx\/index.php\/wp-json\/wp\/v2\/categories?post=36645"},{"taxonomy":"post_tag","embeddable":true,"href":"https:\/\/lahora.mx\/index.php\/wp-json\/wp\/v2\/tags?post=36645"}],"curies":[{"name":"wp","href":"https:\/\/api.w.org\/{rel}","templated":true}]}}