{"id":36639,"date":"2023-11-08T17:14:43","date_gmt":"2023-11-08T17:14:43","guid":{"rendered":"http:\/\/lahora.mx\/?p=36639"},"modified":"2023-11-08T17:14:44","modified_gmt":"2023-11-08T17:14:44","slug":"carrera-tepetl-en-atlixco","status":"publish","type":"post","link":"https:\/\/lahora.mx\/index.php\/2023\/11\/08\/carrera-tepetl-en-atlixco\/","title":{"rendered":"Carrera Tepetl en Atlixco"},"content":{"rendered":"\n<p>Por segundo a\u00f1o consecutivo, el ayuntamiento de Atlixco emiti\u00f3 la convocatoria para participar en la Carrera Ciclista Tepetl 2023 que se realizar\u00e1 el pr\u00f3ximo 19 de noviembre en punto de las 9 horas en la colonia Lomas de Metepec; para esta segunda edici\u00f3n, se estima la participaci\u00f3n de 200 ciclistas, inform\u00f3 la alcaldesa, Ariadna Ayala Camarillo.<\/p>\n\n\n\n<p>Al respecto, la presidente municipal de Atlixco, Ariadna Ayala detall\u00f3 que la Carrera Ciclista Tepetl 2023 tendr\u00e1 como salida y meta en la colonia Lomas de Metepec (en el tanque \u201cOVNI\u201d) a las 9 horas \u201cLa convocatoria establece que las categor\u00edas y ramas ser\u00e1n divididas en varonil: Libre de 19 a 39 a\u00f1os y Master de 40 a\u00f1os en adelante; mientras que, la femenil \u00fanicamente ser\u00e1 Libre hasta los 39 a\u00f1os\u201d.<\/p>\n\n\n\n<p>Indic\u00f3 que aquellos que deseen participar en esta competencia deportiva, las inscripciones tienen un costo de recuperaci\u00f3n de 200 pesos y adem\u00e1s, deber\u00e1n presentar su credencial de elector en la Jefatura de Educaci\u00f3n, Juventud y Deportiva en la Unidad Deportiva Alfonsina (Av. Miguel Negrete S\/N Esquina boulevard Ni\u00f1os H\u00e9roes Col. Francisco I. Madero) o bien, enviar un mensaje al 2441262117 en un horario de 8 a 16 horas.<\/p>\n\n\n\n<p>Finalmente, la alcaldesa de Atlixco invit\u00f3 a todos los amantes del ciclismo de Monta\u00f1a a participar en esta Carrera. Para conocer m\u00e1s detalles de la premiaci\u00f3n, ubicaci\u00f3n y entrega de kits, podr\u00e1n consultar la convocatoria en el siguiente enlace: https:\/\/drive.google.com\/\u2026\/1hHSezV8TbfpLuyMUV2g\u2026\/view.<\/p>\n\n\n\n<p>Cabe mencionar que se deber\u00e1 cumplir con un m\u00ednimo de 10 inscritos en cada categor\u00eda para llevar a cabo la premiaci\u00f3n a los tres primeros lugares. La entrega de los n\u00fameros ser\u00e1 el s\u00e1bado 18 de noviembre del a\u00f1o en curso de 10 a 14 horas en la Jefatura de Educaci\u00f3n. Se contar\u00e1 con servicio m\u00e9dico y abastecimiento durante el recorrido y meta.<\/p>\n","protected":false},"excerpt":{"rendered":"<p>Por segundo a\u00f1o consecutivo, el ayuntamiento de Atlixco emiti\u00f3 la convocatoria para participar en la Carrera Ciclista Tepetl 2023 que se realizar\u00e1 el pr\u00f3ximo 19 de noviembre en punto de las 9 horas en la colonia Lomas de Metepec; para esta segunda edici\u00f3n, se estima la participaci\u00f3n de 200 ciclistas, inform\u00f3 la alcaldesa, Ariadna Ayala [&hellip;]<\/p>\n","protected":false},"author":4,"featured_media":36640,"comment_status":"open","ping_status":"open","sticky":false,"template":"","format":"standard","meta":{"om_disable_all_campaigns":false,"_monsterinsights_skip_tracking":false,"_monsterinsights_sitenote_active":false,"_monsterinsights_sitenote_note":"","_monsterinsights_sitenote_category":0,"footnotes":""},"categories":[175],"tags":[223],"class_list":["post-36639","post","type-post","status-publish","format-standard","has-post-thumbnail","hentry","category-local","tag-puebla"],"amp_enabled":true,"_links":{"self":[{"href":"https:\/\/lahora.mx\/index.php\/wp-json\/wp\/v2\/posts\/36639","targetHints":{"allow":["GET"]}}],"collection":[{"href":"https:\/\/lahora.mx\/index.php\/wp-json\/wp\/v2\/posts"}],"about":[{"href":"https:\/\/lahora.mx\/index.php\/wp-json\/wp\/v2\/types\/post"}],"author":[{"embeddable":true,"href":"https:\/\/lahora.mx\/index.php\/wp-json\/wp\/v2\/users\/4"}],"replies":[{"embeddable":true,"href":"https:\/\/lahora.mx\/index.php\/wp-json\/wp\/v2\/comments?post=36639"}],"version-history":[{"count":1,"href":"https:\/\/lahora.mx\/index.php\/wp-json\/wp\/v2\/posts\/36639\/revisions"}],"predecessor-version":[{"id":36641,"href":"https:\/\/lahora.mx\/index.php\/wp-json\/wp\/v2\/posts\/36639\/revisions\/36641"}],"wp:featuredmedia":[{"embeddable":true,"href":"https:\/\/lahora.mx\/index.php\/wp-json\/wp\/v2\/media\/36640"}],"wp:attachment":[{"href":"https:\/\/lahora.mx\/index.php\/wp-json\/wp\/v2\/media?parent=36639"}],"wp:term":[{"taxonomy":"category","embeddable":true,"href":"https:\/\/lahora.mx\/index.php\/wp-json\/wp\/v2\/categories?post=36639"},{"taxonomy":"post_tag","embeddable":true,"href":"https:\/\/lahora.mx\/index.php\/wp-json\/wp\/v2\/tags?post=36639"}],"curies":[{"name":"wp","href":"https:\/\/api.w.org\/{rel}","templated":true}]}}