{"id":36628,"date":"2023-11-08T15:29:13","date_gmt":"2023-11-08T15:29:13","guid":{"rendered":"http:\/\/lahora.mx\/?p=36628"},"modified":"2023-11-08T15:29:13","modified_gmt":"2023-11-08T15:29:13","slug":"mano-dura-contra-unidades-de-aplicacion-piden-taxistas-de-tehuacan","status":"publish","type":"post","link":"https:\/\/lahora.mx\/index.php\/2023\/11\/08\/mano-dura-contra-unidades-de-aplicacion-piden-taxistas-de-tehuacan\/","title":{"rendered":"\u00abMano dura\u00bb contra unidades de aplicaci\u00f3n piden taxistas de Tehuac\u00e1n"},"content":{"rendered":"\n<p>Taxistas de Tehuac\u00e1n se quejaron de la Secretar\u00eda de Movilidad y Transporte (SMT) al se\u00f1alar que, aunque se sancion\u00f3 y asegur\u00f3 a tres unidades de la aplicaci\u00f3n Pronto, \u00e9stas volvieron a salir y a funcionar nuevamente a trav\u00e9s de la aplicaci\u00f3n, por lo que piden \u00abmano dura\u00bb contra los taxis ejecutivos, de lo contrario se sumar\u00e1n municipios de la regi\u00f3n para protestar.<\/p>\n\n\n\n<p>Alberto Cruz, de oficio taxista, mencion\u00f3 que dentro de unos d\u00edas sostendr\u00e1n una reuni\u00f3n con personal de la Secretar\u00eda de Movilidad y Transporte en donde abordar\u00e1n el tema sobre la liberaci\u00f3n de unidades a las pocas horas de haber sido aseguradas durante el \u00faltimo operativo, pues creen que no est\u00e1n pagando las multas que les impone la autoridad.<\/p>\n\n\n\n<p>Mencion\u00f3 que en otras reuniones que ya han tenido, se ha tocado el tema sobre los permisos que tienen las unidades de esta aplicaci\u00f3n, mismos que no han sido otorgados, por lo que consideran que los veh\u00edculos de aplicaci\u00f3n funcionan de manera ilegal al no estar acreditados por ninguna autoridad.<\/p>\n\n\n\n<p>Resalt\u00f3 que en Puebla no est\u00e1 permitido que alguna aplicaci\u00f3n como Pronto funcione, por lo que la petici\u00f3n que se ha hecho al personal de la SMT es que salgan de circulaci\u00f3n, y aunque les dicen que, en efecto, no tienen el permiso, las siguen consintiendo para que sigan trabajando.<\/p>\n\n\n\n<p>Por \u00faltimo, dio a conocer que, si nuevamente la SMT no cumple con los acuerdos a los que se han llegado en diferentes reuniones, taxistas de juntas auxiliares de Tehuac\u00e1n y dem\u00e1s de municipios de la zona se sumar\u00e1n a realizar protestas. (JC)<\/p>\n","protected":false},"excerpt":{"rendered":"<p>Taxistas de Tehuac\u00e1n se quejaron de la Secretar\u00eda de Movilidad y Transporte (SMT) al se\u00f1alar que, aunque se sancion\u00f3 y asegur\u00f3 a tres unidades de la aplicaci\u00f3n Pronto, \u00e9stas volvieron a salir y a funcionar nuevamente a trav\u00e9s de la aplicaci\u00f3n, por lo que piden \u00abmano dura\u00bb contra los taxis ejecutivos, de lo contrario se [&hellip;]<\/p>\n","protected":false},"author":4,"featured_media":36629,"comment_status":"open","ping_status":"open","sticky":false,"template":"","format":"standard","meta":{"om_disable_all_campaigns":false,"_monsterinsights_skip_tracking":false,"_monsterinsights_sitenote_active":false,"_monsterinsights_sitenote_note":"","_monsterinsights_sitenote_category":0,"footnotes":""},"categories":[175],"tags":[223],"class_list":["post-36628","post","type-post","status-publish","format-standard","has-post-thumbnail","hentry","category-local","tag-puebla"],"amp_enabled":true,"_links":{"self":[{"href":"https:\/\/lahora.mx\/index.php\/wp-json\/wp\/v2\/posts\/36628","targetHints":{"allow":["GET"]}}],"collection":[{"href":"https:\/\/lahora.mx\/index.php\/wp-json\/wp\/v2\/posts"}],"about":[{"href":"https:\/\/lahora.mx\/index.php\/wp-json\/wp\/v2\/types\/post"}],"author":[{"embeddable":true,"href":"https:\/\/lahora.mx\/index.php\/wp-json\/wp\/v2\/users\/4"}],"replies":[{"embeddable":true,"href":"https:\/\/lahora.mx\/index.php\/wp-json\/wp\/v2\/comments?post=36628"}],"version-history":[{"count":1,"href":"https:\/\/lahora.mx\/index.php\/wp-json\/wp\/v2\/posts\/36628\/revisions"}],"predecessor-version":[{"id":36630,"href":"https:\/\/lahora.mx\/index.php\/wp-json\/wp\/v2\/posts\/36628\/revisions\/36630"}],"wp:featuredmedia":[{"embeddable":true,"href":"https:\/\/lahora.mx\/index.php\/wp-json\/wp\/v2\/media\/36629"}],"wp:attachment":[{"href":"https:\/\/lahora.mx\/index.php\/wp-json\/wp\/v2\/media?parent=36628"}],"wp:term":[{"taxonomy":"category","embeddable":true,"href":"https:\/\/lahora.mx\/index.php\/wp-json\/wp\/v2\/categories?post=36628"},{"taxonomy":"post_tag","embeddable":true,"href":"https:\/\/lahora.mx\/index.php\/wp-json\/wp\/v2\/tags?post=36628"}],"curies":[{"name":"wp","href":"https:\/\/api.w.org\/{rel}","templated":true}]}}