{"id":36618,"date":"2023-11-08T01:05:39","date_gmt":"2023-11-08T01:05:39","guid":{"rendered":"http:\/\/lahora.mx\/?p=36618"},"modified":"2023-11-08T01:05:40","modified_gmt":"2023-11-08T01:05:40","slug":"inseguridad-no-es-propia-de-puebla-capital-menciona-rivera","status":"publish","type":"post","link":"https:\/\/lahora.mx\/index.php\/2023\/11\/08\/inseguridad-no-es-propia-de-puebla-capital-menciona-rivera\/","title":{"rendered":"\u201cInseguridad no es propia de Puebla capital\u201d menciona Rivera"},"content":{"rendered":"\n<p>\u201cNo me van a desconcentrar las cr\u00edticas de representantes de Morena que pretenden sacar raja pol\u00edtica, la inseguridad no es propia de Puebla capital, sino de otros municipios y del pa\u00eds, se\u00f1al\u00f3 el alcalde capitalino Eduardo Rivera.<\/p>\n\n\n\n<p>\u00abHoy acontecen las noticias de municipios de Tecamachalco, Palmar de Bravo, donde por cierto el diputado Nacho Mier tiene un parentesco directo con el alcalde precisamente de ese municipio, entonces no le voy a contestar como \u00e9l critic\u00f3 precisamente mi desempe\u00f1o y el de mi administraci\u00f3n\u00bb, expres\u00f3 en entrevista este martes 7 de noviembre.<\/p>\n\n\n\n<p>El edil panista afirm\u00f3 que el municipio de Puebla \u00abno es una isla\u00bb y que lo que est\u00e1 sucediendo del clima generalizado de violencia en M\u00e9xico le afecta a la entidad de forma general.<\/p>\n\n\n\n<p>Rivera P\u00e9rez reiter\u00f3 que la seguridad es un tema de corresponsabilidad, de trabajo de los tres \u00f3rdenes de gobierno, en donde debe existir coordinaci\u00f3n y compromiso de enfrentar los problemas que se tienen en la entidad en asuntos de delincuencia.<\/p>\n\n\n\n<p><br>Se\u00f1al\u00f3 que los \u00faltimos acontecimientos que se han registrado en la capital poblana obedecen, la mayor\u00eda, a ajustes y problemas de bandas delincuenciales que est\u00e1n inmiscuidos en delitos del \u00e1mbito federal como es el asunto del huachigas.<\/p>\n\n\n\n<p>\u00abHago una aclaraci\u00f3n, no me estoy haciendo a un lado ni tampoco estoy haciendo a un lado al gobierno de la ciudad, insisto es un tema de corresponsabilidad y de coordinaci\u00f3n. Aprovecho para mandar un mensaje pol\u00edtico y reiterarle al gobernador del estado (Sergio Salom\u00f3n) que cuenta con el gobierno municipal de Puebla para cerrar filas y trabajar en conjunto con los tres \u00f3rdenes de gobierno para garantizar la paz y la seguridad en nuestro estado de Puebla\u00bb, declar\u00f3.<\/p>\n\n\n\n<p>Rivera P\u00e9rez pidi\u00f3 no \u00abpolitizar\u00bb el tema de la seguridad, pues se necesita que las autoridades y sociedad sean propositivos y se den soluciones para para aminorar y combatir el problema de violencia que se tiene a nivel nacional. (MIG)<\/p>\n","protected":false},"excerpt":{"rendered":"<p>\u201cNo me van a desconcentrar las cr\u00edticas de representantes de Morena que pretenden sacar raja pol\u00edtica, la inseguridad no es propia de Puebla capital, sino de otros municipios y del pa\u00eds, se\u00f1al\u00f3 el alcalde capitalino Eduardo Rivera. \u00abHoy acontecen las noticias de municipios de Tecamachalco, Palmar de Bravo, donde por cierto el diputado Nacho Mier [&hellip;]<\/p>\n","protected":false},"author":4,"featured_media":36619,"comment_status":"open","ping_status":"open","sticky":false,"template":"","format":"standard","meta":{"om_disable_all_campaigns":false,"_monsterinsights_skip_tracking":false,"_monsterinsights_sitenote_active":false,"_monsterinsights_sitenote_note":"","_monsterinsights_sitenote_category":0,"footnotes":""},"categories":[175],"tags":[195,223],"class_list":["post-36618","post","type-post","status-publish","format-standard","has-post-thumbnail","hentry","category-local","tag-principal","tag-puebla"],"amp_enabled":true,"_links":{"self":[{"href":"https:\/\/lahora.mx\/index.php\/wp-json\/wp\/v2\/posts\/36618","targetHints":{"allow":["GET"]}}],"collection":[{"href":"https:\/\/lahora.mx\/index.php\/wp-json\/wp\/v2\/posts"}],"about":[{"href":"https:\/\/lahora.mx\/index.php\/wp-json\/wp\/v2\/types\/post"}],"author":[{"embeddable":true,"href":"https:\/\/lahora.mx\/index.php\/wp-json\/wp\/v2\/users\/4"}],"replies":[{"embeddable":true,"href":"https:\/\/lahora.mx\/index.php\/wp-json\/wp\/v2\/comments?post=36618"}],"version-history":[{"count":1,"href":"https:\/\/lahora.mx\/index.php\/wp-json\/wp\/v2\/posts\/36618\/revisions"}],"predecessor-version":[{"id":36620,"href":"https:\/\/lahora.mx\/index.php\/wp-json\/wp\/v2\/posts\/36618\/revisions\/36620"}],"wp:featuredmedia":[{"embeddable":true,"href":"https:\/\/lahora.mx\/index.php\/wp-json\/wp\/v2\/media\/36619"}],"wp:attachment":[{"href":"https:\/\/lahora.mx\/index.php\/wp-json\/wp\/v2\/media?parent=36618"}],"wp:term":[{"taxonomy":"category","embeddable":true,"href":"https:\/\/lahora.mx\/index.php\/wp-json\/wp\/v2\/categories?post=36618"},{"taxonomy":"post_tag","embeddable":true,"href":"https:\/\/lahora.mx\/index.php\/wp-json\/wp\/v2\/tags?post=36618"}],"curies":[{"name":"wp","href":"https:\/\/api.w.org\/{rel}","templated":true}]}}