{"id":36567,"date":"2023-11-07T01:35:29","date_gmt":"2023-11-07T01:35:29","guid":{"rendered":"http:\/\/lahora.mx\/?p=36567"},"modified":"2023-11-07T01:44:40","modified_gmt":"2023-11-07T01:44:40","slug":"muere-uno-mas-de-la-masacre-en-xonacatepec","status":"publish","type":"post","link":"https:\/\/lahora.mx\/index.php\/2023\/11\/07\/muere-uno-mas-de-la-masacre-en-xonacatepec\/","title":{"rendered":"Muere uno mas de la masacre en Xonacatepec"},"content":{"rendered":"\n<p>Lamentablemente la balacera que se desat\u00f3 en la junta auxiliar de Santa Mar\u00eda Xonacatepec cobr\u00f3 una v\u00edctima m\u00e1s, por lo que sube a seis los hombres que fueron asesinados aqu\u00e9l s\u00e1bado.<\/p>\n\n\n\n<p>Hasta el momento se desconoce la identidad de la v\u00edctima \u00fanicamente se sabe que hoy falleci\u00f3 en el hospital luego de haber ingresado grave el pasado s\u00e1bado.<\/p>\n\n\n\n<p>Se sabe que los sicarios que viajaban en dos motos tra\u00edan consigo armas de grueso calibre.<\/p>\n\n\n\n<p>En un inicio se confirm\u00f3 el fallecimiento de cinco varones y un herido pero lamentablemente \u00e9ste falleci\u00f3.<\/p>\n\n\n\n<p>Presuntamente todo se trat\u00f3 por la disputa del control del huachigas en este lugar.<\/p>\n","protected":false},"excerpt":{"rendered":"<p>Lamentablemente la balacera que se desat\u00f3 en la junta auxiliar de Santa Mar\u00eda Xonacatepec cobr\u00f3 una v\u00edctima m\u00e1s, por lo que sube a seis los hombres que fueron asesinados aqu\u00e9l s\u00e1bado. Hasta el momento se desconoce la identidad de la v\u00edctima \u00fanicamente se sabe que hoy falleci\u00f3 en el hospital luego de haber ingresado grave [&hellip;]<\/p>\n","protected":false},"author":4,"featured_media":36568,"comment_status":"open","ping_status":"open","sticky":false,"template":"","format":"standard","meta":{"om_disable_all_campaigns":false,"_monsterinsights_skip_tracking":false,"_monsterinsights_sitenote_active":false,"_monsterinsights_sitenote_note":"","_monsterinsights_sitenote_category":0,"footnotes":""},"categories":[175,226],"tags":[223],"class_list":["post-36567","post","type-post","status-publish","format-standard","has-post-thumbnail","hentry","category-local","category-policia","tag-puebla"],"amp_enabled":true,"_links":{"self":[{"href":"https:\/\/lahora.mx\/index.php\/wp-json\/wp\/v2\/posts\/36567","targetHints":{"allow":["GET"]}}],"collection":[{"href":"https:\/\/lahora.mx\/index.php\/wp-json\/wp\/v2\/posts"}],"about":[{"href":"https:\/\/lahora.mx\/index.php\/wp-json\/wp\/v2\/types\/post"}],"author":[{"embeddable":true,"href":"https:\/\/lahora.mx\/index.php\/wp-json\/wp\/v2\/users\/4"}],"replies":[{"embeddable":true,"href":"https:\/\/lahora.mx\/index.php\/wp-json\/wp\/v2\/comments?post=36567"}],"version-history":[{"count":1,"href":"https:\/\/lahora.mx\/index.php\/wp-json\/wp\/v2\/posts\/36567\/revisions"}],"predecessor-version":[{"id":36569,"href":"https:\/\/lahora.mx\/index.php\/wp-json\/wp\/v2\/posts\/36567\/revisions\/36569"}],"wp:featuredmedia":[{"embeddable":true,"href":"https:\/\/lahora.mx\/index.php\/wp-json\/wp\/v2\/media\/36568"}],"wp:attachment":[{"href":"https:\/\/lahora.mx\/index.php\/wp-json\/wp\/v2\/media?parent=36567"}],"wp:term":[{"taxonomy":"category","embeddable":true,"href":"https:\/\/lahora.mx\/index.php\/wp-json\/wp\/v2\/categories?post=36567"},{"taxonomy":"post_tag","embeddable":true,"href":"https:\/\/lahora.mx\/index.php\/wp-json\/wp\/v2\/tags?post=36567"}],"curies":[{"name":"wp","href":"https:\/\/api.w.org\/{rel}","templated":true}]}}