{"id":36555,"date":"2023-11-07T01:19:20","date_gmt":"2023-11-07T01:19:20","guid":{"rendered":"http:\/\/lahora.mx\/?p=36555"},"modified":"2023-11-07T01:19:20","modified_gmt":"2023-11-07T01:19:20","slug":"alegria-y-frustracion-tras-la-reapertura-de-tiendas-comerciales-en-acapulco","status":"publish","type":"post","link":"https:\/\/lahora.mx\/index.php\/2023\/11\/07\/alegria-y-frustracion-tras-la-reapertura-de-tiendas-comerciales-en-acapulco\/","title":{"rendered":"Alegr\u00eda y frustraci\u00f3n, tras la reapertura de tiendas comerciales en Acapulco"},"content":{"rendered":"\n<p>En el d\u00e9cimo tercer d\u00eda desde la irrupci\u00f3n del hurac\u00e1n Otis, las tiendas de autoservicio en Acapulco comenzaron a reactivarse y a atender a la gente que busca contar con lo b\u00e1sico para su despensa.<\/p>\n\n\n\n<p>En medio de la desolaci\u00f3n que se vive y se respira en las calles, este lunes reabrieron cuatro tiendas de la cadena comercial Chedraui en un horario de 7 de la ma\u00f1ana a 5 de la tarde.<\/p>\n\n\n\n<p>Largas filas se vieron en los accesos de dichos establecimientos, que a partir de ahora y hasta nuevo aviso, permiten el ingreso en grupos de solo 20 clientes, lo que provoca aglomeraciones de m\u00e1s de 200 personas.<\/p>\n\n\n\n<p>La gente recibi\u00f3 con alegr\u00eda esta reapertura, aunque en muchos casos hubo frustraci\u00f3n, pues \u201cel gozo se fue al pozo\u201d, pues adem\u00e1s de la espera de m\u00e1s de dos horas a la intemperie, se encontraron con que hab\u00eda algunos art\u00edculos de primera necesidad.<\/p>\n\n\n\n<p>La se\u00f1ora Virginia Calder\u00f3n, quien hizo una fila de dos horas y media, celebr\u00f3 que ya se comience a reactivas el comercio en estos establecimientos.<br>\u201cMuy bien, ya tenemos para lo del diario, apenas empiezan a surtir y no hay todo todav\u00eda, faltan muchas cosas todav\u00eda, pero ah\u00ed vamos\u201d.<\/p>\n\n\n\n<p>\u201cPues un poquito elevados, pero pues se entiende por la situaci\u00f3n por la que estamos pasando. Llevo papel, llevo la b\u00e1sico para la casa, jab\u00f3n detergente, jab\u00f3n de ba\u00f1o, pasta de dientes, los huevos, importante\u201d, coment\u00f3.<\/p>\n\n\n\n<p>Para la se\u00f1ora Virtudes Urbina, la tardanza para ingresar a la tienda tienen que ver con los actos de rapi\u00f1a que se registraron en los primeros d\u00edas despu\u00e9s del hurac\u00e1n y que las cadenas comerciales pretenden evitar.<\/p>\n\n\n\n<p>\u201cHay muchas problema para entrar a la tienda porque por lo mismo de que hubo mucha rapi\u00f1a por eso restringieron el acceso\u201d, apunt\u00f3.<\/p>\n\n\n\n<p>Dijo que la gente se arremolina a la entrada de la tienda porque \u201cnecesitamos cosas b\u00e1sicas\u201d.<\/p>\n\n\n\n<p>\u201cYo vengo ahorita por tostadas, pan de caja, totopos, lo que estamos acostumbrados a comer\u201d, se\u00f1al\u00f3 con sentimientos encontrados.<\/p>\n","protected":false},"excerpt":{"rendered":"<p>En el d\u00e9cimo tercer d\u00eda desde la irrupci\u00f3n del hurac\u00e1n Otis, las tiendas de autoservicio en Acapulco comenzaron a reactivarse y a atender a la gente que busca contar con lo b\u00e1sico para su despensa. En medio de la desolaci\u00f3n que se vive y se respira en las calles, este lunes reabrieron cuatro tiendas de [&hellip;]<\/p>\n","protected":false},"author":4,"featured_media":36556,"comment_status":"open","ping_status":"open","sticky":false,"template":"","format":"standard","meta":{"om_disable_all_campaigns":false,"_monsterinsights_skip_tracking":false,"_monsterinsights_sitenote_active":false,"_monsterinsights_sitenote_note":"","_monsterinsights_sitenote_category":0,"footnotes":""},"categories":[176],"tags":[],"class_list":["post-36555","post","type-post","status-publish","format-standard","has-post-thumbnail","hentry","category-nacional"],"amp_enabled":true,"_links":{"self":[{"href":"https:\/\/lahora.mx\/index.php\/wp-json\/wp\/v2\/posts\/36555","targetHints":{"allow":["GET"]}}],"collection":[{"href":"https:\/\/lahora.mx\/index.php\/wp-json\/wp\/v2\/posts"}],"about":[{"href":"https:\/\/lahora.mx\/index.php\/wp-json\/wp\/v2\/types\/post"}],"author":[{"embeddable":true,"href":"https:\/\/lahora.mx\/index.php\/wp-json\/wp\/v2\/users\/4"}],"replies":[{"embeddable":true,"href":"https:\/\/lahora.mx\/index.php\/wp-json\/wp\/v2\/comments?post=36555"}],"version-history":[{"count":1,"href":"https:\/\/lahora.mx\/index.php\/wp-json\/wp\/v2\/posts\/36555\/revisions"}],"predecessor-version":[{"id":36557,"href":"https:\/\/lahora.mx\/index.php\/wp-json\/wp\/v2\/posts\/36555\/revisions\/36557"}],"wp:featuredmedia":[{"embeddable":true,"href":"https:\/\/lahora.mx\/index.php\/wp-json\/wp\/v2\/media\/36556"}],"wp:attachment":[{"href":"https:\/\/lahora.mx\/index.php\/wp-json\/wp\/v2\/media?parent=36555"}],"wp:term":[{"taxonomy":"category","embeddable":true,"href":"https:\/\/lahora.mx\/index.php\/wp-json\/wp\/v2\/categories?post=36555"},{"taxonomy":"post_tag","embeddable":true,"href":"https:\/\/lahora.mx\/index.php\/wp-json\/wp\/v2\/tags?post=36555"}],"curies":[{"name":"wp","href":"https:\/\/api.w.org\/{rel}","templated":true}]}}