{"id":36532,"date":"2023-11-06T18:44:40","date_gmt":"2023-11-06T18:44:40","guid":{"rendered":"http:\/\/lahora.mx\/?p=36532"},"modified":"2023-11-06T18:44:40","modified_gmt":"2023-11-06T18:44:40","slug":"se-actualiza-cifras-de-decesos-tras-paso-de-otis-47-muertos-y-53-desaparecidos","status":"publish","type":"post","link":"https:\/\/lahora.mx\/index.php\/2023\/11\/06\/se-actualiza-cifras-de-decesos-tras-paso-de-otis-47-muertos-y-53-desaparecidos\/","title":{"rendered":"Se actualiza cifras de decesos tras paso de \u201cOtis\u201d; 47 muertos y 53 desaparecidos"},"content":{"rendered":"\n<p>El presidente Andr\u00e9s Manuel L\u00f3pez Obrador inform\u00f3 que su administraci\u00f3n contin\u00faa laborando en las tareas de recuperaci\u00f3n en Acapulco, Guerrero, tras la devastaci\u00f3n que dej\u00f3 a su paso el hurac\u00e1n \u201cOtis\u201d.<\/p>\n\n\n\n<p>En conferencia de prensa matutina de este lunes 6 de noviembre desde Palacio Nacional, el titular del Ejecutivo federal actualiz\u00f3 la cifra de personas fallecidas debido al fen\u00f3meno natural, con hasta el momento 47 decesos, as\u00ed como 53 personas desaparecidas.<\/p>\n\n\n\n<p>Asimismo, detall\u00f3 que 20 mil efectivos de la Secretar\u00eda de la Defensa Nacional (Sedena), Secretar\u00eda de Marina (Semar) y la Guardia Nacional (GN) se trasladaron a Guerrero para apoyar a la poblaci\u00f3n en distintas tareas de restauraci\u00f3n de da\u00f1os.<\/p>\n\n\n\n<p>Fuerzas Armadas repartir\u00e1n electrodom\u00e9sticos a damnificados<br>De igual manera, el Presidente revel\u00f3 que este lunes 6 de noviembre, miles de efectivos de las Fuerzas Armadas del pa\u00eds iniciar\u00e1n con la entrega de electrodom\u00e9sticos a poco m\u00e1s de 250 mil personas afectadas por \u201cOtis\u201d.<\/p>\n\n\n\n<p>\u201cHoy empiezan a distribuirse enseres dom\u00e9sticos, vamos a entregar, como lo dijimos, cerca de 250 mil paquetes de enseres dom\u00e9sticos, incluyen estos enseres dom\u00e9sticos, estufas, refrigeradores, zapatos, ventilador, vajillas. Y hoy en Barra Vieja se comienza a entregar casa por casa estos enseres\u201d, detall\u00f3 el mandatario nacional.<\/p>\n\n\n\n<p>En este sentido, AMLO tambi\u00e9n detall\u00f3 que el pr\u00f3ximo martes 7 de noviembre se comenzar\u00e1 a distribuir el pago de la pensi\u00f3n correspondiente a adultos mayores en Acapulco, as\u00ed como las becas a personas con discapacidad.<\/p>\n\n\n\n<p>\u201cTambi\u00e9n el d\u00eda de ma\u00f1ana (martes) se empieza a otorgar, a distribuir, a dispersar todos los fondos de apoyo a adultos mayores, becas a personas con discapacidad. S\u00f3lo en el caso de adultos mayores son 118 mil beneficiados en Acapulco que van a recibir estos apoyos\u201d, revel\u00f3.<\/p>\n\n\n\n<p>El Presidente agreg\u00f3 que en promedio la Federaci\u00f3n ha distribuido diariamente, entre 40 mil y 50 mil comidas calientes.<\/p>\n\n\n\n<p>El presidente L\u00f3pez Obrador destac\u00f3 que actualmente est\u00e1n operando el 75 por ciento de las gasolineras en Acapulco y agreg\u00f3 que, \u201cse logr\u00f3 el restablecimiento del servicio el\u00e9ctrico casi en su totalidad\u201d. <\/p>\n","protected":false},"excerpt":{"rendered":"<p>El presidente Andr\u00e9s Manuel L\u00f3pez Obrador inform\u00f3 que su administraci\u00f3n contin\u00faa laborando en las tareas de recuperaci\u00f3n en Acapulco, Guerrero, tras la devastaci\u00f3n que dej\u00f3 a su paso el hurac\u00e1n \u201cOtis\u201d. En conferencia de prensa matutina de este lunes 6 de noviembre desde Palacio Nacional, el titular del Ejecutivo federal actualiz\u00f3 la cifra de personas [&hellip;]<\/p>\n","protected":false},"author":4,"featured_media":36533,"comment_status":"open","ping_status":"open","sticky":false,"template":"","format":"standard","meta":{"om_disable_all_campaigns":false,"_monsterinsights_skip_tracking":false,"_monsterinsights_sitenote_active":false,"_monsterinsights_sitenote_note":"","_monsterinsights_sitenote_category":0,"footnotes":""},"categories":[176],"tags":[],"class_list":["post-36532","post","type-post","status-publish","format-standard","has-post-thumbnail","hentry","category-nacional"],"amp_enabled":true,"_links":{"self":[{"href":"https:\/\/lahora.mx\/index.php\/wp-json\/wp\/v2\/posts\/36532","targetHints":{"allow":["GET"]}}],"collection":[{"href":"https:\/\/lahora.mx\/index.php\/wp-json\/wp\/v2\/posts"}],"about":[{"href":"https:\/\/lahora.mx\/index.php\/wp-json\/wp\/v2\/types\/post"}],"author":[{"embeddable":true,"href":"https:\/\/lahora.mx\/index.php\/wp-json\/wp\/v2\/users\/4"}],"replies":[{"embeddable":true,"href":"https:\/\/lahora.mx\/index.php\/wp-json\/wp\/v2\/comments?post=36532"}],"version-history":[{"count":1,"href":"https:\/\/lahora.mx\/index.php\/wp-json\/wp\/v2\/posts\/36532\/revisions"}],"predecessor-version":[{"id":36534,"href":"https:\/\/lahora.mx\/index.php\/wp-json\/wp\/v2\/posts\/36532\/revisions\/36534"}],"wp:featuredmedia":[{"embeddable":true,"href":"https:\/\/lahora.mx\/index.php\/wp-json\/wp\/v2\/media\/36533"}],"wp:attachment":[{"href":"https:\/\/lahora.mx\/index.php\/wp-json\/wp\/v2\/media?parent=36532"}],"wp:term":[{"taxonomy":"category","embeddable":true,"href":"https:\/\/lahora.mx\/index.php\/wp-json\/wp\/v2\/categories?post=36532"},{"taxonomy":"post_tag","embeddable":true,"href":"https:\/\/lahora.mx\/index.php\/wp-json\/wp\/v2\/tags?post=36532"}],"curies":[{"name":"wp","href":"https:\/\/api.w.org\/{rel}","templated":true}]}}