{"id":36510,"date":"2023-11-06T04:57:37","date_gmt":"2023-11-06T04:57:37","guid":{"rendered":"http:\/\/lahora.mx\/?p=36510"},"modified":"2023-11-06T04:57:37","modified_gmt":"2023-11-06T04:57:37","slug":"este-lunes-inicia-entrega-de-enseres-domesticos-en-acapulco","status":"publish","type":"post","link":"https:\/\/lahora.mx\/index.php\/2023\/11\/06\/este-lunes-inicia-entrega-de-enseres-domesticos-en-acapulco\/","title":{"rendered":"Este lunes inicia entrega de enseres dom\u00e9sticos en Acapulco"},"content":{"rendered":"\n<p>El presidente de M\u00e9xico, Andr\u00e9s Manuel L\u00f3pez Obrador, anunci\u00f3 que este lunes comenzar\u00e1 la entrega de enseres dom\u00e9sticos a la poblaci\u00f3n damnificada por el hurac\u00e1n Otis en Acapulco, Guerrero.<\/p>\n\n\n\n<p>Desde redes sociales, L\u00f3pez Obrador report\u00f3 que tambi\u00e9n este lunes m\u00e1s de 100 mil personas de la tercera edad en Guerrero podr\u00e1n disponer de su pensi\u00f3n por parte de la secretar\u00eda del bienestar.<\/p>\n\n\n\n<p>\u201cMa\u00f1ana empieza la distribuci\u00f3n de enseres dom\u00e9sticos en Barra Vieja y el martes inicia la entrega de la pensi\u00f3n a 100 mil 820 adultos mayores, as\u00ed como a personas con discapacidad, becarios y otros beneficiarios de los Programas para el Bienestar\u201d detall\u00f3 el presidente.<\/p>\n\n\n\n<p>L\u00f3pez Obrador asegur\u00f3 que el gobierno federal se mantiene atento a las necesidades de la poblaci\u00f3n afectada por el fen\u00f3meno natural.<\/p>\n\n\n\n<p>Dijo que en promedio se reparten 30 mil despensas y 200 mil litros de agua, m\u00e1s lo abastecido con 148 pipas y 13 plantas potabilizadoras.<\/p>\n\n\n\n<p>\u201cS\u00f3lo la Sedena elabor\u00f3 hoy 49 mil 350 comidas calientes\u201d remarc\u00f3 en su publicaci\u00f3n el presidente.<\/p>\n\n\n\n<p>En cuanto a su gira por el Tren Maya, L\u00f3pez Obrador adelant\u00f3 que el 19 de noviembre se inaugurar\u00e1 el Parque La Plancha en M\u00e9rida; el 1\u00ba de diciembre, el Aeropuerto Internacional de Tulum; el 15 de diciembre, el Tren Maya de Campeche a Canc\u00fan; el 31 de diciembre, de Canc\u00fan a Palenque.<\/p>\n\n\n\n<p>Adem\u00e1s, se\u00f1al\u00f3 que el 29 de febrero del 2024 todo el Tren Maya estar\u00e1 funcionando en sus mil 554 kil\u00f3metros de longitud, 29 zonas arqueol\u00f3gicas restauradas y 6 hoteles.<\/p>\n","protected":false},"excerpt":{"rendered":"<p>El presidente de M\u00e9xico, Andr\u00e9s Manuel L\u00f3pez Obrador, anunci\u00f3 que este lunes comenzar\u00e1 la entrega de enseres dom\u00e9sticos a la poblaci\u00f3n damnificada por el hurac\u00e1n Otis en Acapulco, Guerrero. Desde redes sociales, L\u00f3pez Obrador report\u00f3 que tambi\u00e9n este lunes m\u00e1s de 100 mil personas de la tercera edad en Guerrero podr\u00e1n disponer de su pensi\u00f3n [&hellip;]<\/p>\n","protected":false},"author":4,"featured_media":36511,"comment_status":"open","ping_status":"open","sticky":false,"template":"","format":"standard","meta":{"om_disable_all_campaigns":false,"_monsterinsights_skip_tracking":false,"_monsterinsights_sitenote_active":false,"_monsterinsights_sitenote_note":"","_monsterinsights_sitenote_category":0,"footnotes":""},"categories":[176],"tags":[195],"class_list":["post-36510","post","type-post","status-publish","format-standard","has-post-thumbnail","hentry","category-nacional","tag-principal"],"amp_enabled":true,"_links":{"self":[{"href":"https:\/\/lahora.mx\/index.php\/wp-json\/wp\/v2\/posts\/36510","targetHints":{"allow":["GET"]}}],"collection":[{"href":"https:\/\/lahora.mx\/index.php\/wp-json\/wp\/v2\/posts"}],"about":[{"href":"https:\/\/lahora.mx\/index.php\/wp-json\/wp\/v2\/types\/post"}],"author":[{"embeddable":true,"href":"https:\/\/lahora.mx\/index.php\/wp-json\/wp\/v2\/users\/4"}],"replies":[{"embeddable":true,"href":"https:\/\/lahora.mx\/index.php\/wp-json\/wp\/v2\/comments?post=36510"}],"version-history":[{"count":1,"href":"https:\/\/lahora.mx\/index.php\/wp-json\/wp\/v2\/posts\/36510\/revisions"}],"predecessor-version":[{"id":36512,"href":"https:\/\/lahora.mx\/index.php\/wp-json\/wp\/v2\/posts\/36510\/revisions\/36512"}],"wp:featuredmedia":[{"embeddable":true,"href":"https:\/\/lahora.mx\/index.php\/wp-json\/wp\/v2\/media\/36511"}],"wp:attachment":[{"href":"https:\/\/lahora.mx\/index.php\/wp-json\/wp\/v2\/media?parent=36510"}],"wp:term":[{"taxonomy":"category","embeddable":true,"href":"https:\/\/lahora.mx\/index.php\/wp-json\/wp\/v2\/categories?post=36510"},{"taxonomy":"post_tag","embeddable":true,"href":"https:\/\/lahora.mx\/index.php\/wp-json\/wp\/v2\/tags?post=36510"}],"curies":[{"name":"wp","href":"https:\/\/api.w.org\/{rel}","templated":true}]}}