{"id":36507,"date":"2023-11-06T04:56:13","date_gmt":"2023-11-06T04:56:13","guid":{"rendered":"http:\/\/lahora.mx\/?p=36507"},"modified":"2023-11-06T04:56:13","modified_gmt":"2023-11-06T04:56:13","slug":"la-activista-edurne-ochoa-se-registra-para-buscar-candidatura-a-diputacion-federal-por-morena","status":"publish","type":"post","link":"https:\/\/lahora.mx\/index.php\/2023\/11\/06\/la-activista-edurne-ochoa-se-registra-para-buscar-candidatura-a-diputacion-federal-por-morena\/","title":{"rendered":"La activista Edurne Ochoa se registra para buscar candidatura a diputaci\u00f3n federal por Morena"},"content":{"rendered":"\n<p>Este fin de semana, la activista, Edurne Ochoa, realiz\u00f3 su inscripci\u00f3n al proceso interno de Morena a las diputaciones federales, pues a trav\u00e9s de sus redes sociales exhibi\u00f3 su registro como candidata por mayor\u00eda relativa por el distrito 12 con sede en Puebla capital.<\/p>\n\n\n\n<p>A trav\u00e9s de sus redes sociales se mostr\u00f3 agradecida por poder tener la decisi\u00f3n de buscar un cargo p\u00fablico en el 2024, y asegur\u00f3 que es tiempo de las mujeres y de las que con esfuerzo y trabajo han recorrido la entidad poblana para aportar al trabajo pol\u00edtico y social.<\/p>\n\n\n\n<p>\u201cFormalmente inscrita para participar en la medici\u00f3n interna de Morena en Puebla. Estoy segura que es tiempo de las mujeres, de las que hemos recorrido territorio, hecho trabajo pol\u00edtico y social. Sobre todo, defendido y aportado a la democracia y los Derechos Humanos\u201d, se lee en su mensaje.<\/p>\n\n\n\n<p>Cabe se\u00f1alar que fue el pasado 3 de noviembre cuando oficialmente cerraba la convocatoria para la elecci\u00f3n de las diputaciones por mayor\u00eda relativa en la C\u00e1mara de Diputados, y todos los interesados en el proceso deber\u00e1n someterse a encuestas populares para poder ser candidatos.<\/p>\n","protected":false},"excerpt":{"rendered":"<p>Este fin de semana, la activista, Edurne Ochoa, realiz\u00f3 su inscripci\u00f3n al proceso interno de Morena a las diputaciones federales, pues a trav\u00e9s de sus redes sociales exhibi\u00f3 su registro como candidata por mayor\u00eda relativa por el distrito 12 con sede en Puebla capital. A trav\u00e9s de sus redes sociales se mostr\u00f3 agradecida por poder [&hellip;]<\/p>\n","protected":false},"author":4,"featured_media":36508,"comment_status":"open","ping_status":"open","sticky":false,"template":"","format":"standard","meta":{"om_disable_all_campaigns":false,"_monsterinsights_skip_tracking":false,"_monsterinsights_sitenote_active":false,"_monsterinsights_sitenote_note":"","_monsterinsights_sitenote_category":0,"footnotes":""},"categories":[176],"tags":[223],"class_list":["post-36507","post","type-post","status-publish","format-standard","has-post-thumbnail","hentry","category-nacional","tag-puebla"],"amp_enabled":true,"_links":{"self":[{"href":"https:\/\/lahora.mx\/index.php\/wp-json\/wp\/v2\/posts\/36507","targetHints":{"allow":["GET"]}}],"collection":[{"href":"https:\/\/lahora.mx\/index.php\/wp-json\/wp\/v2\/posts"}],"about":[{"href":"https:\/\/lahora.mx\/index.php\/wp-json\/wp\/v2\/types\/post"}],"author":[{"embeddable":true,"href":"https:\/\/lahora.mx\/index.php\/wp-json\/wp\/v2\/users\/4"}],"replies":[{"embeddable":true,"href":"https:\/\/lahora.mx\/index.php\/wp-json\/wp\/v2\/comments?post=36507"}],"version-history":[{"count":1,"href":"https:\/\/lahora.mx\/index.php\/wp-json\/wp\/v2\/posts\/36507\/revisions"}],"predecessor-version":[{"id":36509,"href":"https:\/\/lahora.mx\/index.php\/wp-json\/wp\/v2\/posts\/36507\/revisions\/36509"}],"wp:featuredmedia":[{"embeddable":true,"href":"https:\/\/lahora.mx\/index.php\/wp-json\/wp\/v2\/media\/36508"}],"wp:attachment":[{"href":"https:\/\/lahora.mx\/index.php\/wp-json\/wp\/v2\/media?parent=36507"}],"wp:term":[{"taxonomy":"category","embeddable":true,"href":"https:\/\/lahora.mx\/index.php\/wp-json\/wp\/v2\/categories?post=36507"},{"taxonomy":"post_tag","embeddable":true,"href":"https:\/\/lahora.mx\/index.php\/wp-json\/wp\/v2\/tags?post=36507"}],"curies":[{"name":"wp","href":"https:\/\/api.w.org\/{rel}","templated":true}]}}