{"id":36490,"date":"2023-11-05T19:08:54","date_gmt":"2023-11-05T19:08:54","guid":{"rendered":"http:\/\/lahora.mx\/?p=36490"},"modified":"2023-11-05T19:08:54","modified_gmt":"2023-11-05T19:08:54","slug":"morena-suspende-recorridos-en-9-entidades-desde-este-domingo","status":"publish","type":"post","link":"https:\/\/lahora.mx\/index.php\/2023\/11\/05\/morena-suspende-recorridos-en-9-entidades-desde-este-domingo\/","title":{"rendered":"Morena suspende recorridos en 9 entidades desde este domingo"},"content":{"rendered":"\n<p>A partir de este 5 de noviembre, la Comisi\u00f3n Nacional de Elecciones de Morena determin\u00f3 que sus aspirantes a cargos de elecci\u00f3n popular deben suspender \u201ccualquier acto proselitista, o recorridos\u201d en las nueve entidades donde se renovar\u00e1n gubernaturas y jefatura de Gobierno.<\/p>\n\n\n\n<p>En un comunicado, Morena indic\u00f3 el fin de recorridos en Ciudad de M\u00e9xico, Jalisco y Yucat\u00e1n, donde inicia el periodo de precampa\u00f1as pol\u00edticas este domingo.<\/p>\n\n\n\n<p>\u00abResulta relevante que las y los participantes en esas entidades federativas, conduzcan sus actividades de conformidad con nuestros principios y a la normativa electoral y, con ello, evitar cualquier tipo de sanciones\u00bb, indic\u00f3.<\/p>\n","protected":false},"excerpt":{"rendered":"<p>A partir de este 5 de noviembre, la Comisi\u00f3n Nacional de Elecciones de Morena determin\u00f3 que sus aspirantes a cargos de elecci\u00f3n popular deben suspender \u201ccualquier acto proselitista, o recorridos\u201d en las nueve entidades donde se renovar\u00e1n gubernaturas y jefatura de Gobierno. En un comunicado, Morena indic\u00f3 el fin de recorridos en Ciudad de M\u00e9xico, [&hellip;]<\/p>\n","protected":false},"author":4,"featured_media":36491,"comment_status":"open","ping_status":"open","sticky":false,"template":"","format":"standard","meta":{"om_disable_all_campaigns":false,"_monsterinsights_skip_tracking":false,"_monsterinsights_sitenote_active":false,"_monsterinsights_sitenote_note":"","_monsterinsights_sitenote_category":0,"footnotes":""},"categories":[176,5],"tags":[128,195],"class_list":["post-36490","post","type-post","status-publish","format-standard","has-post-thumbnail","hentry","category-nacional","category-politica","tag-politics","tag-principal"],"amp_enabled":true,"_links":{"self":[{"href":"https:\/\/lahora.mx\/index.php\/wp-json\/wp\/v2\/posts\/36490","targetHints":{"allow":["GET"]}}],"collection":[{"href":"https:\/\/lahora.mx\/index.php\/wp-json\/wp\/v2\/posts"}],"about":[{"href":"https:\/\/lahora.mx\/index.php\/wp-json\/wp\/v2\/types\/post"}],"author":[{"embeddable":true,"href":"https:\/\/lahora.mx\/index.php\/wp-json\/wp\/v2\/users\/4"}],"replies":[{"embeddable":true,"href":"https:\/\/lahora.mx\/index.php\/wp-json\/wp\/v2\/comments?post=36490"}],"version-history":[{"count":1,"href":"https:\/\/lahora.mx\/index.php\/wp-json\/wp\/v2\/posts\/36490\/revisions"}],"predecessor-version":[{"id":36492,"href":"https:\/\/lahora.mx\/index.php\/wp-json\/wp\/v2\/posts\/36490\/revisions\/36492"}],"wp:featuredmedia":[{"embeddable":true,"href":"https:\/\/lahora.mx\/index.php\/wp-json\/wp\/v2\/media\/36491"}],"wp:attachment":[{"href":"https:\/\/lahora.mx\/index.php\/wp-json\/wp\/v2\/media?parent=36490"}],"wp:term":[{"taxonomy":"category","embeddable":true,"href":"https:\/\/lahora.mx\/index.php\/wp-json\/wp\/v2\/categories?post=36490"},{"taxonomy":"post_tag","embeddable":true,"href":"https:\/\/lahora.mx\/index.php\/wp-json\/wp\/v2\/tags?post=36490"}],"curies":[{"name":"wp","href":"https:\/\/api.w.org\/{rel}","templated":true}]}}