{"id":36462,"date":"2023-11-03T21:55:47","date_gmt":"2023-11-03T21:55:47","guid":{"rendered":"http:\/\/lahora.mx\/?p=36462"},"modified":"2023-11-03T21:56:07","modified_gmt":"2023-11-03T21:56:07","slug":"suman-47-muertos-por-huracan-otis-en-acapulco","status":"publish","type":"post","link":"https:\/\/lahora.mx\/index.php\/2023\/11\/03\/suman-47-muertos-por-huracan-otis-en-acapulco\/","title":{"rendered":"Ya son 47 los muertos por hurac\u00e1n \u00abOtis\u00bb en Acapulco"},"content":{"rendered":"\n<p>La Secretar\u00eda de Seguridad y Protecci\u00f3n Ciudadana (SSPC) actualiz\u00f3 en 47 las personas fallecidas por el paso del hurac\u00e1n \u00abOtis\u00bb, en Guerrero.<\/p>\n\n\n\n<p>A nueve d\u00edas de que el hurac\u00e1n devast\u00f3 Acapulco y Coyuca de Ben\u00edtez, la dependencia inform\u00f3 que ascendi\u00f3 a 47 personas fallecidas y 56 personas no localizadas.<\/p>\n\n\n\n<p>Por la ma\u00f1ana, en la conferencia del presidente Andr\u00e9s Manuel L\u00f3pez Obrador, la directora de Nacional de Protecci\u00f3n Civil, Laura Vel\u00e1zquez inform\u00f3 que era 46 las personas fallecidos y las 56 despreciados.<\/p>\n\n\n\n<p><\/p>\n","protected":false},"excerpt":{"rendered":"<p>La Secretar\u00eda de Seguridad y Protecci\u00f3n Ciudadana (SSPC) actualiz\u00f3 en 47 las personas fallecidas por el paso del hurac\u00e1n \u00abOtis\u00bb, en Guerrero. A nueve d\u00edas de que el hurac\u00e1n devast\u00f3 Acapulco y Coyuca de Ben\u00edtez, la dependencia inform\u00f3 que ascendi\u00f3 a 47 personas fallecidas y 56 personas no localizadas. Por la ma\u00f1ana, en la conferencia [&hellip;]<\/p>\n","protected":false},"author":4,"featured_media":36463,"comment_status":"open","ping_status":"open","sticky":false,"template":"","format":"standard","meta":{"om_disable_all_campaigns":false,"_monsterinsights_skip_tracking":false,"_monsterinsights_sitenote_active":false,"_monsterinsights_sitenote_note":"","_monsterinsights_sitenote_category":0,"footnotes":""},"categories":[176],"tags":[195],"class_list":["post-36462","post","type-post","status-publish","format-standard","has-post-thumbnail","hentry","category-nacional","tag-principal"],"amp_enabled":true,"_links":{"self":[{"href":"https:\/\/lahora.mx\/index.php\/wp-json\/wp\/v2\/posts\/36462","targetHints":{"allow":["GET"]}}],"collection":[{"href":"https:\/\/lahora.mx\/index.php\/wp-json\/wp\/v2\/posts"}],"about":[{"href":"https:\/\/lahora.mx\/index.php\/wp-json\/wp\/v2\/types\/post"}],"author":[{"embeddable":true,"href":"https:\/\/lahora.mx\/index.php\/wp-json\/wp\/v2\/users\/4"}],"replies":[{"embeddable":true,"href":"https:\/\/lahora.mx\/index.php\/wp-json\/wp\/v2\/comments?post=36462"}],"version-history":[{"count":2,"href":"https:\/\/lahora.mx\/index.php\/wp-json\/wp\/v2\/posts\/36462\/revisions"}],"predecessor-version":[{"id":36465,"href":"https:\/\/lahora.mx\/index.php\/wp-json\/wp\/v2\/posts\/36462\/revisions\/36465"}],"wp:featuredmedia":[{"embeddable":true,"href":"https:\/\/lahora.mx\/index.php\/wp-json\/wp\/v2\/media\/36463"}],"wp:attachment":[{"href":"https:\/\/lahora.mx\/index.php\/wp-json\/wp\/v2\/media?parent=36462"}],"wp:term":[{"taxonomy":"category","embeddable":true,"href":"https:\/\/lahora.mx\/index.php\/wp-json\/wp\/v2\/categories?post=36462"},{"taxonomy":"post_tag","embeddable":true,"href":"https:\/\/lahora.mx\/index.php\/wp-json\/wp\/v2\/tags?post=36462"}],"curies":[{"name":"wp","href":"https:\/\/api.w.org\/{rel}","templated":true}]}}