{"id":36457,"date":"2023-11-03T19:12:11","date_gmt":"2023-11-03T19:12:11","guid":{"rendered":"http:\/\/lahora.mx\/?p=36457"},"modified":"2023-11-03T19:12:12","modified_gmt":"2023-11-03T19:12:12","slug":"iee-da-banderazo-de-salida-al-proceso-electoral-2023-2024","status":"publish","type":"post","link":"https:\/\/lahora.mx\/index.php\/2023\/11\/03\/iee-da-banderazo-de-salida-al-proceso-electoral-2023-2024\/","title":{"rendered":"IEE da banderazo de salida al proceso electoral 2023-2024"},"content":{"rendered":"\n<p>La consejera presidenta del IEE, Blanca Cruz Garc\u00eda, dio el banderazo de salida del Proceso Electoral Estatal Ordinario Concurrente 2023-2024, en donde se realizar\u00e1 la elecci\u00f3n m\u00e1s grande de M\u00e9xico con cerca de 3 mil cargos que se renovar\u00e1n.<\/p>\n\n\n\n<p>En la ceremonia celebrada en el Centro C\u00edvico Cultural 5 de mayo, en la zona de Los Fuertes, Cruz Garc\u00eda record\u00f3 que la tarea del Instituto Electoral del Estado ser\u00e1 inmensa, pues en Puebla se tendr\u00e1 la elecci\u00f3n m\u00e1s grande a nivel nacional que se celebrar\u00e1 en 2024.<\/p>\n\n\n\n<p>\u201cHoy iniciamos de manera formal con los preparativos de la elecci\u00f3n m\u00e1s grande en la historia del estado de Puebla; nuestro estado ser\u00e1 a nivel nacional el que m\u00e1s cargos de elecci\u00f3n popular renueve en 2024\u201d, adelant\u00f3.<\/p>\n\n\n\n<p>iee1.jpg<\/p>\n\n\n\n<p>En este sentido, detall\u00f3 que entre los cargos relevantes que se renovar\u00e1n el pr\u00f3ximo a\u00f1o est\u00e1 la gubernatura de Puebla, las 217 alcald\u00edas de la entidad poblana y las 41 diputaciones del Congreso local.<\/p>\n","protected":false},"excerpt":{"rendered":"<p>La consejera presidenta del IEE, Blanca Cruz Garc\u00eda, dio el banderazo de salida del Proceso Electoral Estatal Ordinario Concurrente 2023-2024, en donde se realizar\u00e1 la elecci\u00f3n m\u00e1s grande de M\u00e9xico con cerca de 3 mil cargos que se renovar\u00e1n. En la ceremonia celebrada en el Centro C\u00edvico Cultural 5 de mayo, en la zona de [&hellip;]<\/p>\n","protected":false},"author":4,"featured_media":36458,"comment_status":"open","ping_status":"open","sticky":false,"template":"","format":"standard","meta":{"om_disable_all_campaigns":false,"_monsterinsights_skip_tracking":false,"_monsterinsights_sitenote_active":false,"_monsterinsights_sitenote_note":"","_monsterinsights_sitenote_category":0,"footnotes":""},"categories":[176,5],"tags":[128],"class_list":["post-36457","post","type-post","status-publish","format-standard","has-post-thumbnail","hentry","category-nacional","category-politica","tag-politics"],"amp_enabled":true,"_links":{"self":[{"href":"https:\/\/lahora.mx\/index.php\/wp-json\/wp\/v2\/posts\/36457","targetHints":{"allow":["GET"]}}],"collection":[{"href":"https:\/\/lahora.mx\/index.php\/wp-json\/wp\/v2\/posts"}],"about":[{"href":"https:\/\/lahora.mx\/index.php\/wp-json\/wp\/v2\/types\/post"}],"author":[{"embeddable":true,"href":"https:\/\/lahora.mx\/index.php\/wp-json\/wp\/v2\/users\/4"}],"replies":[{"embeddable":true,"href":"https:\/\/lahora.mx\/index.php\/wp-json\/wp\/v2\/comments?post=36457"}],"version-history":[{"count":1,"href":"https:\/\/lahora.mx\/index.php\/wp-json\/wp\/v2\/posts\/36457\/revisions"}],"predecessor-version":[{"id":36459,"href":"https:\/\/lahora.mx\/index.php\/wp-json\/wp\/v2\/posts\/36457\/revisions\/36459"}],"wp:featuredmedia":[{"embeddable":true,"href":"https:\/\/lahora.mx\/index.php\/wp-json\/wp\/v2\/media\/36458"}],"wp:attachment":[{"href":"https:\/\/lahora.mx\/index.php\/wp-json\/wp\/v2\/media?parent=36457"}],"wp:term":[{"taxonomy":"category","embeddable":true,"href":"https:\/\/lahora.mx\/index.php\/wp-json\/wp\/v2\/categories?post=36457"},{"taxonomy":"post_tag","embeddable":true,"href":"https:\/\/lahora.mx\/index.php\/wp-json\/wp\/v2\/tags?post=36457"}],"curies":[{"name":"wp","href":"https:\/\/api.w.org\/{rel}","templated":true}]}}