{"id":36454,"date":"2023-11-03T19:10:08","date_gmt":"2023-11-03T19:10:08","guid":{"rendered":"http:\/\/lahora.mx\/?p=36454"},"modified":"2023-11-03T19:10:08","modified_gmt":"2023-11-03T19:10:08","slug":"eduardo-rivera-entrega-rehabilitacion-de-la-95-poniente-en-puebla-capital","status":"publish","type":"post","link":"https:\/\/lahora.mx\/index.php\/2023\/11\/03\/eduardo-rivera-entrega-rehabilitacion-de-la-95-poniente-en-puebla-capital\/","title":{"rendered":"Eduardo Rivera entrega rehabilitaci\u00f3n de la 95 Poniente en Puebla capital"},"content":{"rendered":"\n<p>Con la construcci\u00f3n de 7 mil 275 metros cuadrados, as\u00ed como la inversi\u00f3n de 9.4 millones de pesos, el alcalde de Puebla, Eduardo Rivera P\u00e9rez, entreg\u00f3 la rehabilitaci\u00f3n de las calles 95 Poniente, 25 Sur y Cipr\u00e9s, las cuales se conectan entre s\u00ed.<\/p>\n\n\n\n<p>Desde la colonia Mateo de Regil, el edil pidi\u00f3 a los ciudadanos que cuiden las obras, pues no son una pista de carreras para circular a alta velocidad, as\u00ed como se\u00f1al\u00f3 que se hizo un esfuerzo para poder repararlas.<\/p>\n\n\n\n<p>Detall\u00f3 que se construy\u00f3 con concreto asf\u00e1ltico, as\u00ed como se colocaron banquetas y rampas para las personas que tengan alguna discapacidad, con el fin de ayudarles a circular de una manera m\u00e1s f\u00e1cil.<\/p>\n\n\n\n<p>Alistan se\u00f1alizaci\u00f3n y cajones en la 14 y 16 Oriente-Poniente para ampliaci\u00f3n de parqu\u00edmetros<br>Asimismo, se hicieron guarniciones, se colocaron bolardos y reductores de velocidad en cada una de las nuevas vialidades a fin de evitar accidentes, y con el objetivo de que tengan m\u00e1s duraci\u00f3n la se\u00f1al\u00e9tica como las flechas, pasos peatonales y raya continua se delimitaron con pintura termopl\u00e1stica.<\/p>\n\n\n\n<p>En ese sentido, tambi\u00e9n se instalaron piezas de se\u00f1alamiento vertical y placas de nomenclatura.<\/p>\n\n\n\n<p>Igualmente, para no dejar el espacio sin el color verde, se colocaron 11 \u00e1rboles de jacaranda, liquid\u00e1mbar y 110 piezas de plantas como buganvilia, lavanda, peniceto y duranta gold.<\/p>\n\n\n\n<p>En su discurso, el mun\u00edcipe subray\u00f3 que estas obras se hicieron con mucho esfuerzo y fue gracias a los impuestos, pues no han recibido dinero del gobierno estatal o federal, por ello \u201cestiran los recursos\u201d de manera eficiente.<\/p>\n\n\n\n<p>Tramo peatonal de la 16 de Septiembre se podr\u00eda ampliar hasta El Carmen<br>Respecto a los recursos federales, asever\u00f3 que el diputado federal Mario Riestra Pi\u00f1a dar\u00e1 pelea para insistir en la C\u00e1mara de Diputados para que el gobierno de M\u00e9xico env\u00ede recursos y no solo para Puebla, sino para otros lugares.<\/p>\n","protected":false},"excerpt":{"rendered":"<p>Con la construcci\u00f3n de 7 mil 275 metros cuadrados, as\u00ed como la inversi\u00f3n de 9.4 millones de pesos, el alcalde de Puebla, Eduardo Rivera P\u00e9rez, entreg\u00f3 la rehabilitaci\u00f3n de las calles 95 Poniente, 25 Sur y Cipr\u00e9s, las cuales se conectan entre s\u00ed. Desde la colonia Mateo de Regil, el edil pidi\u00f3 a los ciudadanos [&hellip;]<\/p>\n","protected":false},"author":4,"featured_media":36455,"comment_status":"open","ping_status":"open","sticky":false,"template":"","format":"standard","meta":{"om_disable_all_campaigns":false,"_monsterinsights_skip_tracking":false,"_monsterinsights_sitenote_active":false,"_monsterinsights_sitenote_note":"","_monsterinsights_sitenote_category":0,"footnotes":""},"categories":[175],"tags":[195,223],"class_list":["post-36454","post","type-post","status-publish","format-standard","has-post-thumbnail","hentry","category-local","tag-principal","tag-puebla"],"amp_enabled":true,"_links":{"self":[{"href":"https:\/\/lahora.mx\/index.php\/wp-json\/wp\/v2\/posts\/36454","targetHints":{"allow":["GET"]}}],"collection":[{"href":"https:\/\/lahora.mx\/index.php\/wp-json\/wp\/v2\/posts"}],"about":[{"href":"https:\/\/lahora.mx\/index.php\/wp-json\/wp\/v2\/types\/post"}],"author":[{"embeddable":true,"href":"https:\/\/lahora.mx\/index.php\/wp-json\/wp\/v2\/users\/4"}],"replies":[{"embeddable":true,"href":"https:\/\/lahora.mx\/index.php\/wp-json\/wp\/v2\/comments?post=36454"}],"version-history":[{"count":1,"href":"https:\/\/lahora.mx\/index.php\/wp-json\/wp\/v2\/posts\/36454\/revisions"}],"predecessor-version":[{"id":36456,"href":"https:\/\/lahora.mx\/index.php\/wp-json\/wp\/v2\/posts\/36454\/revisions\/36456"}],"wp:featuredmedia":[{"embeddable":true,"href":"https:\/\/lahora.mx\/index.php\/wp-json\/wp\/v2\/media\/36455"}],"wp:attachment":[{"href":"https:\/\/lahora.mx\/index.php\/wp-json\/wp\/v2\/media?parent=36454"}],"wp:term":[{"taxonomy":"category","embeddable":true,"href":"https:\/\/lahora.mx\/index.php\/wp-json\/wp\/v2\/categories?post=36454"},{"taxonomy":"post_tag","embeddable":true,"href":"https:\/\/lahora.mx\/index.php\/wp-json\/wp\/v2\/tags?post=36454"}],"curies":[{"name":"wp","href":"https:\/\/api.w.org\/{rel}","templated":true}]}}