{"id":36448,"date":"2023-11-03T18:22:22","date_gmt":"2023-11-03T18:22:22","guid":{"rendered":"http:\/\/lahora.mx\/?p=36448"},"modified":"2023-11-03T18:22:22","modified_gmt":"2023-11-03T18:22:22","slug":"tormenta-pilar-al-suroeste-de-las-costas-de-guerrero","status":"publish","type":"post","link":"https:\/\/lahora.mx\/index.php\/2023\/11\/03\/tormenta-pilar-al-suroeste-de-las-costas-de-guerrero\/","title":{"rendered":"Tormenta &#8216;Pilar&#8217; al suroeste de las costas de Guerrero"},"content":{"rendered":"\n<p>La tormenta Pilar sigue alej\u00e1ndose del territorio mexicano y aunque se encuentra al suroeste de las costas de Guerrero ya no genera efectos en el pa\u00eds donde previamente dej\u00f3 lluvias torrenciales en Chiapas y Oaxaca; sigue aqu\u00ed su trayectoria EN VIVO hoy 3 de noviembre de 2023.<\/p>\n\n\n\n<p>El cicl\u00f3n tropical se ubica actualmente a 810 kil\u00f3metros al sur-suroeste de Acapulco y a 840 kil\u00f3metros al sur de Zihuatanejo, en Guerrero. Aunque ya no representa ning\u00fan riesgo en las costas mexicanas autoridades mantienen vigilancia.<\/p>\n\n\n\n<p>La tormenta Pilar perdi\u00f3 un poco de fuerza al disminuir a 85 kil\u00f3metros por hora sus vientos m\u00e1ximos sostenidos; presenta rachas de 100 kil\u00f3metros por hora y se mueve a 33 kil\u00f3metros por hora hacia el oeste-suroeste.<\/p>\n\n\n\n<p>Para las 18:00 horas de este viernes el cicl\u00f3n tropical se localizar\u00e1 a 955 kil\u00f3metros al sur-suroeste de Zihuatanejo, Guerrero. De acuerdo con las proyecciones, la madrugada del 8 de noviembre se convertir\u00e1 en baja presi\u00f3n remanente cuando se encuentre a mil 440 kil\u00f3metros al suroeste de Cabo San L\u00e1zaro, en Baja California Sur.<br>Pilar pas\u00f3 de depresi\u00f3n a tormenta tropical el pasado 29 de octubre a las 21:00 horas cuando se ubicaba a 385 kil\u00f3metros al sur de la desembocadura del R\u00edo Suchiate y a 425 kil\u00f3metros al suroeste de San Salvador, El Salvador.<\/p>\n","protected":false},"excerpt":{"rendered":"<p>La tormenta Pilar sigue alej\u00e1ndose del territorio mexicano y aunque se encuentra al suroeste de las costas de Guerrero ya no genera efectos en el pa\u00eds donde previamente dej\u00f3 lluvias torrenciales en Chiapas y Oaxaca; sigue aqu\u00ed su trayectoria EN VIVO hoy 3 de noviembre de 2023. El cicl\u00f3n tropical se ubica actualmente a 810 [&hellip;]<\/p>\n","protected":false},"author":4,"featured_media":36449,"comment_status":"open","ping_status":"open","sticky":false,"template":"","format":"standard","meta":{"om_disable_all_campaigns":false,"_monsterinsights_skip_tracking":false,"_monsterinsights_sitenote_active":false,"_monsterinsights_sitenote_note":"","_monsterinsights_sitenote_category":0,"footnotes":""},"categories":[175],"tags":[223],"class_list":["post-36448","post","type-post","status-publish","format-standard","has-post-thumbnail","hentry","category-local","tag-puebla"],"amp_enabled":true,"_links":{"self":[{"href":"https:\/\/lahora.mx\/index.php\/wp-json\/wp\/v2\/posts\/36448","targetHints":{"allow":["GET"]}}],"collection":[{"href":"https:\/\/lahora.mx\/index.php\/wp-json\/wp\/v2\/posts"}],"about":[{"href":"https:\/\/lahora.mx\/index.php\/wp-json\/wp\/v2\/types\/post"}],"author":[{"embeddable":true,"href":"https:\/\/lahora.mx\/index.php\/wp-json\/wp\/v2\/users\/4"}],"replies":[{"embeddable":true,"href":"https:\/\/lahora.mx\/index.php\/wp-json\/wp\/v2\/comments?post=36448"}],"version-history":[{"count":1,"href":"https:\/\/lahora.mx\/index.php\/wp-json\/wp\/v2\/posts\/36448\/revisions"}],"predecessor-version":[{"id":36450,"href":"https:\/\/lahora.mx\/index.php\/wp-json\/wp\/v2\/posts\/36448\/revisions\/36450"}],"wp:featuredmedia":[{"embeddable":true,"href":"https:\/\/lahora.mx\/index.php\/wp-json\/wp\/v2\/media\/36449"}],"wp:attachment":[{"href":"https:\/\/lahora.mx\/index.php\/wp-json\/wp\/v2\/media?parent=36448"}],"wp:term":[{"taxonomy":"category","embeddable":true,"href":"https:\/\/lahora.mx\/index.php\/wp-json\/wp\/v2\/categories?post=36448"},{"taxonomy":"post_tag","embeddable":true,"href":"https:\/\/lahora.mx\/index.php\/wp-json\/wp\/v2\/tags?post=36448"}],"curies":[{"name":"wp","href":"https:\/\/api.w.org\/{rel}","templated":true}]}}