{"id":36421,"date":"2023-11-03T00:59:53","date_gmt":"2023-11-03T00:59:53","guid":{"rendered":"http:\/\/lahora.mx\/?p=36421"},"modified":"2023-11-03T00:59:54","modified_gmt":"2023-11-03T00:59:54","slug":"balean-a-joven-en-san-andres-cholula","status":"publish","type":"post","link":"https:\/\/lahora.mx\/index.php\/2023\/11\/03\/balean-a-joven-en-san-andres-cholula\/","title":{"rendered":"Balean a joven en San Andr\u00e9s Cholula"},"content":{"rendered":"\n<p>De al menos cinco impactos de bala un hombre fue herido la noche del pasado mi\u00e9rcoles en calles del municipio de San Andr\u00e9s Cholula, donde fue atendido y posteriormente llevado a un hospital con estado de salud grave.<\/p>\n\n\n\n<p>La agresi\u00f3n ocurri\u00f3 el 1 de noviembre al filo de las 22:00 horas, sobre la avenida 16 de Septiembre entre las privadas Primera y Segunda del mismo nombre, en la junta auxiliar de San Antonio Cacalotepec.<\/p>\n\n\n\n<p>Agresores sorprendieron al hombre desde autom\u00f3vil en movimiento<br>Se sabe que la v\u00edctima caminaba por el lugar cuando fue interceptado por hombres a bordo de un autom\u00f3vil color gris.<\/p>\n\n\n\n<p>Desde la unidad en movimiento los sujetos dispararon en varias ocasiones contra su v\u00edctima, a quien lesionaron en cinco ocasiones para luego escapar del sitio.<\/p>\n\n\n\n<p>El agraviado cay\u00f3 al piso, por lo que algunos colonos que escucharon los disparos y luego vieron al hombre tirado con m\u00faltiples heridas dieron aviso al n\u00famero de emergencias 911.<\/p>\n\n\n\n<p>Param\u00e9dicos de Protecci\u00f3n Civil Municipal en la ambulancia con n\u00famero econ\u00f3mico 4, y elementos de la Secretar\u00eda de Seguridad P\u00fablica y Protecci\u00f3n Ciudadana (SSPyPC) se desplazaron a la zona.<\/p>\n\n\n\n<p>Daniel, de 23 a\u00f1os, fue llevado de urgencia al Hospital General de Cholula.<br>La Fiscal\u00eda General del Estado de Puebla (FGE) inici\u00f3 a las investigaciones correspondientes a fin de esclarecer lo ocurrido con el joven baleado en San Andr\u00e9s Cholula. (EG).<\/p>\n","protected":false},"excerpt":{"rendered":"<p>De al menos cinco impactos de bala un hombre fue herido la noche del pasado mi\u00e9rcoles en calles del municipio de San Andr\u00e9s Cholula, donde fue atendido y posteriormente llevado a un hospital con estado de salud grave. La agresi\u00f3n ocurri\u00f3 el 1 de noviembre al filo de las 22:00 horas, sobre la avenida 16 [&hellip;]<\/p>\n","protected":false},"author":4,"featured_media":36422,"comment_status":"open","ping_status":"open","sticky":false,"template":"","format":"standard","meta":{"om_disable_all_campaigns":false,"_monsterinsights_skip_tracking":false,"_monsterinsights_sitenote_active":false,"_monsterinsights_sitenote_note":"","_monsterinsights_sitenote_category":0,"footnotes":""},"categories":[175,226],"tags":[234,223],"class_list":["post-36421","post","type-post","status-publish","format-standard","has-post-thumbnail","hentry","category-local","category-policia","tag-cholula","tag-puebla"],"amp_enabled":true,"_links":{"self":[{"href":"https:\/\/lahora.mx\/index.php\/wp-json\/wp\/v2\/posts\/36421","targetHints":{"allow":["GET"]}}],"collection":[{"href":"https:\/\/lahora.mx\/index.php\/wp-json\/wp\/v2\/posts"}],"about":[{"href":"https:\/\/lahora.mx\/index.php\/wp-json\/wp\/v2\/types\/post"}],"author":[{"embeddable":true,"href":"https:\/\/lahora.mx\/index.php\/wp-json\/wp\/v2\/users\/4"}],"replies":[{"embeddable":true,"href":"https:\/\/lahora.mx\/index.php\/wp-json\/wp\/v2\/comments?post=36421"}],"version-history":[{"count":1,"href":"https:\/\/lahora.mx\/index.php\/wp-json\/wp\/v2\/posts\/36421\/revisions"}],"predecessor-version":[{"id":36423,"href":"https:\/\/lahora.mx\/index.php\/wp-json\/wp\/v2\/posts\/36421\/revisions\/36423"}],"wp:featuredmedia":[{"embeddable":true,"href":"https:\/\/lahora.mx\/index.php\/wp-json\/wp\/v2\/media\/36422"}],"wp:attachment":[{"href":"https:\/\/lahora.mx\/index.php\/wp-json\/wp\/v2\/media?parent=36421"}],"wp:term":[{"taxonomy":"category","embeddable":true,"href":"https:\/\/lahora.mx\/index.php\/wp-json\/wp\/v2\/categories?post=36421"},{"taxonomy":"post_tag","embeddable":true,"href":"https:\/\/lahora.mx\/index.php\/wp-json\/wp\/v2\/tags?post=36421"}],"curies":[{"name":"wp","href":"https:\/\/api.w.org\/{rel}","templated":true}]}}