{"id":36412,"date":"2023-11-03T00:54:04","date_gmt":"2023-11-03T00:54:04","guid":{"rendered":"http:\/\/lahora.mx\/?p=36412"},"modified":"2023-11-03T00:54:05","modified_gmt":"2023-11-03T00:54:05","slug":"asesinan-a-hombre-en-panteon-de-naucalpan","status":"publish","type":"post","link":"https:\/\/lahora.mx\/index.php\/2023\/11\/03\/asesinan-a-hombre-en-panteon-de-naucalpan\/","title":{"rendered":"Asesinan a hombre en pante\u00f3n de Naucalpan"},"content":{"rendered":"\n<p>En plena celebraci\u00f3n del D\u00eda de Muertos, una balacera tuvo lugar este jueves dentro de las instalaciones del pante\u00f3n Parque Memorial Gayosso en Naucalpan, Estado de M\u00e9xico, hecho que deriv\u00f3 en la muerte de una persona y otras dos m\u00e1s resultaron lesionadas.<\/p>\n\n\n\n<p>Los primeros reportes se\u00f1alan que los agresores llegaron a bordo de una motocicleta y posteriormente dispararon contra tres personas que estaban dentro del pante\u00f3n. Por lo anterior, arribaron al recinto elementos de la polic\u00eda del municipio para asegurar la escena del crimen.<\/p>\n\n\n\n<p>De igual manera, a la zona se presentaron param\u00e9dicos que atendieron a los lesionados, quienes ser\u00edan un hombre y una mujer, los cuales fueron trasladados al Hospital de Lomas Verdes.<\/p>\n\n\n\n<p>Tras la agresi\u00f3n el camposanto fue cerrado por las autoridades para realizar las investigaciones y llevar a cabo el levantamiento del cad\u00e1ver, mismo que al parecer qued\u00f3 junto a una tumba a la que estaban velando.<\/p>\n\n\n\n<p>\u00bfC\u00f3mo ocurri\u00f3 la balacera en pante\u00f3n de Naucalpan?<br>De acuerdo con testigos, el hecho parecer\u00eda un ataque directo en contra de las tres personas que se encontraban velando una tumba, no obstante, las autoridades no han informado el m\u00f3vil del crimen, ni la identidad de la v\u00edctima.<\/p>\n\n\n\n<p>Tras la agresi\u00f3n, la polic\u00eda municipal en coordinaci\u00f3n con elementos del Ej\u00e9rcito Mexicano implementaron un operativo en las colonias aleda\u00f1as para tratar de dar con los responsables, no obstante, hasta el momento se desconoce si existen personas detenidas. (EG).<\/p>\n","protected":false},"excerpt":{"rendered":"<p>En plena celebraci\u00f3n del D\u00eda de Muertos, una balacera tuvo lugar este jueves dentro de las instalaciones del pante\u00f3n Parque Memorial Gayosso en Naucalpan, Estado de M\u00e9xico, hecho que deriv\u00f3 en la muerte de una persona y otras dos m\u00e1s resultaron lesionadas. Los primeros reportes se\u00f1alan que los agresores llegaron a bordo de una motocicleta [&hellip;]<\/p>\n","protected":false},"author":4,"featured_media":36413,"comment_status":"open","ping_status":"open","sticky":false,"template":"","format":"standard","meta":{"om_disable_all_campaigns":false,"_monsterinsights_skip_tracking":false,"_monsterinsights_sitenote_active":false,"_monsterinsights_sitenote_note":"","_monsterinsights_sitenote_category":0,"footnotes":""},"categories":[176,226],"tags":[],"class_list":["post-36412","post","type-post","status-publish","format-standard","has-post-thumbnail","hentry","category-nacional","category-policia"],"amp_enabled":true,"_links":{"self":[{"href":"https:\/\/lahora.mx\/index.php\/wp-json\/wp\/v2\/posts\/36412","targetHints":{"allow":["GET"]}}],"collection":[{"href":"https:\/\/lahora.mx\/index.php\/wp-json\/wp\/v2\/posts"}],"about":[{"href":"https:\/\/lahora.mx\/index.php\/wp-json\/wp\/v2\/types\/post"}],"author":[{"embeddable":true,"href":"https:\/\/lahora.mx\/index.php\/wp-json\/wp\/v2\/users\/4"}],"replies":[{"embeddable":true,"href":"https:\/\/lahora.mx\/index.php\/wp-json\/wp\/v2\/comments?post=36412"}],"version-history":[{"count":1,"href":"https:\/\/lahora.mx\/index.php\/wp-json\/wp\/v2\/posts\/36412\/revisions"}],"predecessor-version":[{"id":36414,"href":"https:\/\/lahora.mx\/index.php\/wp-json\/wp\/v2\/posts\/36412\/revisions\/36414"}],"wp:featuredmedia":[{"embeddable":true,"href":"https:\/\/lahora.mx\/index.php\/wp-json\/wp\/v2\/media\/36413"}],"wp:attachment":[{"href":"https:\/\/lahora.mx\/index.php\/wp-json\/wp\/v2\/media?parent=36412"}],"wp:term":[{"taxonomy":"category","embeddable":true,"href":"https:\/\/lahora.mx\/index.php\/wp-json\/wp\/v2\/categories?post=36412"},{"taxonomy":"post_tag","embeddable":true,"href":"https:\/\/lahora.mx\/index.php\/wp-json\/wp\/v2\/tags?post=36412"}],"curies":[{"name":"wp","href":"https:\/\/api.w.org\/{rel}","templated":true}]}}