{"id":36399,"date":"2023-11-02T17:48:25","date_gmt":"2023-11-02T17:48:25","guid":{"rendered":"http:\/\/lahora.mx\/?p=36399"},"modified":"2023-11-02T17:48:27","modified_gmt":"2023-11-02T17:48:27","slug":"preve-amlo-reconstruccion-de-acapulco-en-menos-de-dos-anos","status":"publish","type":"post","link":"https:\/\/lahora.mx\/index.php\/2023\/11\/02\/preve-amlo-reconstruccion-de-acapulco-en-menos-de-dos-anos\/","title":{"rendered":"Prev\u00e9 AMLO reconstrucci\u00f3n de Acapulco en menos de dos a\u00f1os"},"content":{"rendered":"\n<p>La destrucci\u00f3n que gener\u00f3 el hurac\u00e1n Otis en Acapulco y Coyuca de Benitez oblig\u00f3 al Gobierno Federal a crear un plan de reconstrucci\u00f3n que el presidente Andr\u00e9s Manuel L\u00f3pez Obrador present\u00f3 el d\u00eda de ayer primero de noviembre durante su conferencia de prensa matutina.<\/p>\n\n\n\n<p>L\u00f3pez Obrador previ\u00f3 que los 20 puntos que conforman el programa de reconstrucci\u00f3n ayuden a que Acapulco regrese a la normalidad en menos de dos a\u00f1os, ya que no s\u00f3lo brindar\u00e1 apoyo a los hoteles y negocios, sino tambi\u00e9n se enfoc\u00f3 en priorizar los programas sociales para las familias afectadas.<\/p>\n\n\n\n<p>Tras la llegada de Otis, que se convirti\u00f3 en el hurac\u00e1n m\u00e1s potente en tocar tierra en territorio mexicano desde el Oc\u00e9ano Pac\u00edfico, el mandatario mexicano inform\u00f3 que se invertir\u00e1n al menos 61 mil 313 millones de pesos.<\/p>\n\n\n\n<p>L\u00f3pez Obrador se\u00f1al\u00f3 durante la conocida \u201cma\u00f1anera\u201d que los guerrerenses \u201cno est\u00e1n solos, cuentan con el apoyo del pueblo de M\u00e9xico que siempre es muy fraterno, muy solidario, y desde luego con el apoyo del Gobierno\u201d.<\/p>\n\n\n\n<p>Aunado a esto, el mandatario mexicano se\u00f1al\u00f3 que el tiempo de recuperaci\u00f3n es relativo, pues depender\u00e1 mucho de la inversi\u00f3n que se haga para restaurar y restablecer el sector hotelero, que es el que mayor derrama deja en Acapulco.<\/p>\n\n\n\n<p>Sin embargo, el sector empresarial, as\u00ed como los banqueros, previeron que el regreso a la normalidad en Acapulco tomar\u00e1 como m\u00ednimo dos a\u00f1os, luego de las primeras evaluaciones realizadas en la ciudad costera, aunque el presidente mexicano haya indicado que ser\u00e1 menos tiempo.<\/p>\n\n\n\n<p>El presidente de la Condeferaci\u00f3n de C\u00e1maras Industriales (Concamin) Jos\u00e9 Abugaber inform\u00f3 que \u201cla reconstrucci\u00f3n tarde al menos dos a\u00f1os, porque las afectaciones fueron mayores, pero se debe de trabajar lo m\u00e1s r\u00e1pido posible, porque se debe reactivar el turismo, que es lo que deja mayor derrama econ\u00f3mica a Acapulco\u201d. (JC)<\/p>\n","protected":false},"excerpt":{"rendered":"<p>La destrucci\u00f3n que gener\u00f3 el hurac\u00e1n Otis en Acapulco y Coyuca de Benitez oblig\u00f3 al Gobierno Federal a crear un plan de reconstrucci\u00f3n que el presidente Andr\u00e9s Manuel L\u00f3pez Obrador present\u00f3 el d\u00eda de ayer primero de noviembre durante su conferencia de prensa matutina. L\u00f3pez Obrador previ\u00f3 que los 20 puntos que conforman el programa [&hellip;]<\/p>\n","protected":false},"author":4,"featured_media":36400,"comment_status":"open","ping_status":"open","sticky":false,"template":"","format":"standard","meta":{"om_disable_all_campaigns":false,"_monsterinsights_skip_tracking":false,"_monsterinsights_sitenote_active":false,"_monsterinsights_sitenote_note":"","_monsterinsights_sitenote_category":0,"footnotes":""},"categories":[176],"tags":[],"class_list":["post-36399","post","type-post","status-publish","format-standard","has-post-thumbnail","hentry","category-nacional"],"amp_enabled":true,"_links":{"self":[{"href":"https:\/\/lahora.mx\/index.php\/wp-json\/wp\/v2\/posts\/36399","targetHints":{"allow":["GET"]}}],"collection":[{"href":"https:\/\/lahora.mx\/index.php\/wp-json\/wp\/v2\/posts"}],"about":[{"href":"https:\/\/lahora.mx\/index.php\/wp-json\/wp\/v2\/types\/post"}],"author":[{"embeddable":true,"href":"https:\/\/lahora.mx\/index.php\/wp-json\/wp\/v2\/users\/4"}],"replies":[{"embeddable":true,"href":"https:\/\/lahora.mx\/index.php\/wp-json\/wp\/v2\/comments?post=36399"}],"version-history":[{"count":1,"href":"https:\/\/lahora.mx\/index.php\/wp-json\/wp\/v2\/posts\/36399\/revisions"}],"predecessor-version":[{"id":36401,"href":"https:\/\/lahora.mx\/index.php\/wp-json\/wp\/v2\/posts\/36399\/revisions\/36401"}],"wp:featuredmedia":[{"embeddable":true,"href":"https:\/\/lahora.mx\/index.php\/wp-json\/wp\/v2\/media\/36400"}],"wp:attachment":[{"href":"https:\/\/lahora.mx\/index.php\/wp-json\/wp\/v2\/media?parent=36399"}],"wp:term":[{"taxonomy":"category","embeddable":true,"href":"https:\/\/lahora.mx\/index.php\/wp-json\/wp\/v2\/categories?post=36399"},{"taxonomy":"post_tag","embeddable":true,"href":"https:\/\/lahora.mx\/index.php\/wp-json\/wp\/v2\/tags?post=36399"}],"curies":[{"name":"wp","href":"https:\/\/api.w.org\/{rel}","templated":true}]}}