{"id":36336,"date":"2023-11-01T23:42:17","date_gmt":"2023-11-01T23:42:17","guid":{"rendered":"http:\/\/lahora.mx\/?p=36336"},"modified":"2023-11-01T23:42:18","modified_gmt":"2023-11-01T23:42:18","slug":"55-personas-son-detenidas-en-tehuacan-por-portacion-ilegal-de-armas","status":"publish","type":"post","link":"https:\/\/lahora.mx\/index.php\/2023\/11\/01\/55-personas-son-detenidas-en-tehuacan-por-portacion-ilegal-de-armas\/","title":{"rendered":"55 personas son detenidas en Tehuac\u00e1n por portaci\u00f3n ilegal de armas"},"content":{"rendered":"\n<p>En lo que va del 2023, 55 personas han sido aseguradas por portaci\u00f3n de arma tras operativos implementados por Seguridad P\u00fablica en Tehuac\u00e1n, algunas son de grueso calibre; las personas que las portan, no solo van armadas; sino que tambi\u00e9n llevan consigo drogas.<\/p>\n\n\n\n<p>Armando Ram\u00edrez San Juan regidor de Gobernaci\u00f3n, coment\u00f3 que en lo que va del a\u00f1o se han detenido a 55 personas que portan de manera ilegal armas, se\u00f1al\u00f3 que estos aseguramientos se han realizado en los filtros de seguridad que se colocan de manera espor\u00e1dica en varios puntos del municipio.<\/p>\n\n\n\n<p>Se\u00f1al\u00f3 que de esas 55, cinco portan armas de grueso calibre, por lo que son remitidas a la autoridad competente.<\/p>\n\n\n\n<p>\u00abAlgunas veces se les hace la parada para hacer una revisi\u00f3n, las personas se ponen nerviosas, tratan de huir, pero se controlan y al hacer la revisi\u00f3n, pues traen armas; en algunos casos vienen con droga y pues se remiten de inmediato a la Fiscal\u00eda General del Estado (FGE)\u00bb, coment\u00f3.<\/p>\n\n\n\n<p>Resalt\u00f3 que, aunque entre las personas aseguradas hay adultos mayores la mayor\u00eda son j\u00f3venes que van de los 23 a 25 a\u00f1os.<\/p>\n\n\n\n<p>Por \u00faltimo, coment\u00f3 que los operativos continuar\u00e1n pues hasta el momento, han tenido buen resultado y podr\u00edan aumentar por el cierre de a\u00f1o. (XMH)<\/p>\n","protected":false},"excerpt":{"rendered":"<p>En lo que va del 2023, 55 personas han sido aseguradas por portaci\u00f3n de arma tras operativos implementados por Seguridad P\u00fablica en Tehuac\u00e1n, algunas son de grueso calibre; las personas que las portan, no solo van armadas; sino que tambi\u00e9n llevan consigo drogas. Armando Ram\u00edrez San Juan regidor de Gobernaci\u00f3n, coment\u00f3 que en lo que [&hellip;]<\/p>\n","protected":false},"author":4,"featured_media":36337,"comment_status":"open","ping_status":"open","sticky":false,"template":"","format":"standard","meta":{"om_disable_all_campaigns":false,"_monsterinsights_skip_tracking":false,"_monsterinsights_sitenote_active":false,"_monsterinsights_sitenote_note":"","_monsterinsights_sitenote_category":0,"footnotes":""},"categories":[175],"tags":[223],"class_list":["post-36336","post","type-post","status-publish","format-standard","has-post-thumbnail","hentry","category-local","tag-puebla"],"amp_enabled":true,"_links":{"self":[{"href":"https:\/\/lahora.mx\/index.php\/wp-json\/wp\/v2\/posts\/36336","targetHints":{"allow":["GET"]}}],"collection":[{"href":"https:\/\/lahora.mx\/index.php\/wp-json\/wp\/v2\/posts"}],"about":[{"href":"https:\/\/lahora.mx\/index.php\/wp-json\/wp\/v2\/types\/post"}],"author":[{"embeddable":true,"href":"https:\/\/lahora.mx\/index.php\/wp-json\/wp\/v2\/users\/4"}],"replies":[{"embeddable":true,"href":"https:\/\/lahora.mx\/index.php\/wp-json\/wp\/v2\/comments?post=36336"}],"version-history":[{"count":1,"href":"https:\/\/lahora.mx\/index.php\/wp-json\/wp\/v2\/posts\/36336\/revisions"}],"predecessor-version":[{"id":36338,"href":"https:\/\/lahora.mx\/index.php\/wp-json\/wp\/v2\/posts\/36336\/revisions\/36338"}],"wp:featuredmedia":[{"embeddable":true,"href":"https:\/\/lahora.mx\/index.php\/wp-json\/wp\/v2\/media\/36337"}],"wp:attachment":[{"href":"https:\/\/lahora.mx\/index.php\/wp-json\/wp\/v2\/media?parent=36336"}],"wp:term":[{"taxonomy":"category","embeddable":true,"href":"https:\/\/lahora.mx\/index.php\/wp-json\/wp\/v2\/categories?post=36336"},{"taxonomy":"post_tag","embeddable":true,"href":"https:\/\/lahora.mx\/index.php\/wp-json\/wp\/v2\/tags?post=36336"}],"curies":[{"name":"wp","href":"https:\/\/api.w.org\/{rel}","templated":true}]}}