{"id":36281,"date":"2023-11-01T00:20:59","date_gmt":"2023-11-01T00:20:59","guid":{"rendered":"http:\/\/lahora.mx\/?p=36281"},"modified":"2023-11-23T05:15:14","modified_gmt":"2023-11-23T05:15:14","slug":"confirma-la-gobernadora-lorena-cuellar-salida-de-sergio-gonzalez-de-la-segob","status":"publish","type":"post","link":"https:\/\/lahora.mx\/index.php\/2023\/11\/01\/confirma-la-gobernadora-lorena-cuellar-salida-de-sergio-gonzalez-de-la-segob\/","title":{"rendered":"Confirma la gobernadora Lorena Cu\u00e9llar salida de Sergio Gonz\u00e1lez de la Segob"},"content":{"rendered":"\n<p>Es oficial. Sergio Gonz\u00e1lez Hern\u00e1ndez dejar\u00e1 hoy la titularidad de la Secretar\u00eda de Gobierno (Segob), cargo que ocup\u00f3 desde el primer d\u00eda de la presente administraci\u00f3n estatal el 31 de agosto de 2021.<\/p>\n\n\n\n<p>La gobernadora Lorena Cu\u00e9llar Cisneros confirm\u00f3 ante medios de comunicaci\u00f3n que en las pr\u00f3ximas horas el funcionario presentar\u00e1 su formal renuncia a ese cargo p\u00fablico y adelant\u00f3 que ya analiza los perfiles de las personas que podr\u00edan sustituirlo.<\/p>\n\n\n\n<p>Estamos en eso. Tendremos que dar a conocerlo lo m\u00e1s r\u00e1pido posible, espero que ma\u00f1ana o pasado ma\u00f1ana ya haya un nuevo secretario de Gobierno y esperaremos c\u00f3mo se den las cosas,<br>expres\u00f3.<\/p>\n\n\n\n<p>Pese a la insistencia por parte de medios de comunicaci\u00f3n para conocer la identidad del nuevo funcionario, la mandataria solicit\u00f3 esperar los tiempos para que ella pueda tomar una decisi\u00f3n.<\/p>\n\n\n\n<p>Por otro lado, indic\u00f3 que espera que la persona que asuma la Segob tenga mucho compromiso y se caracterice por lograr un equilibrio, gobernabilidad, di\u00e1logo y tenga paciencia.<\/p>\n\n\n\n<p>Para que realmente haya esa comunicaci\u00f3n permanente con los tres poderes, con los grupos que siempre desean tener una atenci\u00f3n de parte del Gobierno y que haya una continuidad,<br>expres\u00f3.<\/p>\n\n\n\n<p>Finalmente, asever\u00f3 estar satisfecha con el trabajo que hizo Sergio Gonz\u00e1lez Hern\u00e1ndez al frente de la Segob, pues<br>hasta la fecha pudo tener en orden a Tlaxcala en el tema de gobernabilidad, y para m\u00ed fue un gran compa\u00f1ero que valoro mucho hasta el momento, y son decisiones personales que hay que respetar.<\/p>\n\n\n\n<p>El Sol de Tlaxcala tiene conocimiento que en la reuni\u00f3n de gabinete de la ma\u00f1ana de este martes 31 de agosto, desarrollada en el auditorio del C5i, Sergio Gonz\u00e1lez se despidi\u00f3 de todos sus compa\u00f1eros funcionarios de primer nivel y recibi\u00f3 el reconocimiento p\u00fablico de la mandataria estatal, Lorena Cu\u00e9llar Cisneros, adem\u00e1s de recibir aplausos por su gesti\u00f3n.<\/p>\n","protected":false},"excerpt":{"rendered":"<p>Es oficial. Sergio Gonz\u00e1lez Hern\u00e1ndez dejar\u00e1 hoy la titularidad de la Secretar\u00eda de Gobierno (Segob), cargo que ocup\u00f3 desde el primer d\u00eda de la presente administraci\u00f3n estatal el 31 de agosto de 2021. La gobernadora Lorena Cu\u00e9llar Cisneros confirm\u00f3 ante medios de comunicaci\u00f3n que en las pr\u00f3ximas horas el funcionario presentar\u00e1 su formal renuncia a [&hellip;]<\/p>\n","protected":false},"author":4,"featured_media":36283,"comment_status":"open","ping_status":"open","sticky":false,"template":"","format":"standard","meta":{"om_disable_all_campaigns":false,"_monsterinsights_skip_tracking":false,"_monsterinsights_sitenote_active":false,"_monsterinsights_sitenote_note":"","_monsterinsights_sitenote_category":0,"footnotes":""},"categories":[175],"tags":[223,210],"class_list":["post-36281","post","type-post","status-publish","format-standard","has-post-thumbnail","hentry","category-local","tag-puebla","tag-tlaxcala"],"amp_enabled":true,"_links":{"self":[{"href":"https:\/\/lahora.mx\/index.php\/wp-json\/wp\/v2\/posts\/36281","targetHints":{"allow":["GET"]}}],"collection":[{"href":"https:\/\/lahora.mx\/index.php\/wp-json\/wp\/v2\/posts"}],"about":[{"href":"https:\/\/lahora.mx\/index.php\/wp-json\/wp\/v2\/types\/post"}],"author":[{"embeddable":true,"href":"https:\/\/lahora.mx\/index.php\/wp-json\/wp\/v2\/users\/4"}],"replies":[{"embeddable":true,"href":"https:\/\/lahora.mx\/index.php\/wp-json\/wp\/v2\/comments?post=36281"}],"version-history":[{"count":1,"href":"https:\/\/lahora.mx\/index.php\/wp-json\/wp\/v2\/posts\/36281\/revisions"}],"predecessor-version":[{"id":36284,"href":"https:\/\/lahora.mx\/index.php\/wp-json\/wp\/v2\/posts\/36281\/revisions\/36284"}],"wp:featuredmedia":[{"embeddable":true,"href":"https:\/\/lahora.mx\/index.php\/wp-json\/wp\/v2\/media\/36283"}],"wp:attachment":[{"href":"https:\/\/lahora.mx\/index.php\/wp-json\/wp\/v2\/media?parent=36281"}],"wp:term":[{"taxonomy":"category","embeddable":true,"href":"https:\/\/lahora.mx\/index.php\/wp-json\/wp\/v2\/categories?post=36281"},{"taxonomy":"post_tag","embeddable":true,"href":"https:\/\/lahora.mx\/index.php\/wp-json\/wp\/v2\/tags?post=36281"}],"curies":[{"name":"wp","href":"https:\/\/api.w.org\/{rel}","templated":true}]}}