{"id":36278,"date":"2023-11-01T00:03:06","date_gmt":"2023-11-01T00:03:06","guid":{"rendered":"http:\/\/lahora.mx\/?p=36278"},"modified":"2023-11-01T00:03:07","modified_gmt":"2023-11-01T00:03:07","slug":"congreso-aprueba-reactivacion-del-cobro-de-parquimetros-en-puebla","status":"publish","type":"post","link":"https:\/\/lahora.mx\/index.php\/2023\/11\/01\/congreso-aprueba-reactivacion-del-cobro-de-parquimetros-en-puebla\/","title":{"rendered":"Congreso aprueba reactivaci\u00f3n del cobro de parqu\u00edmetros en Puebla"},"content":{"rendered":"\n<p>Luego de casi dos horas de discusi\u00f3n, el Congreso de Puebla aprob\u00f3 por mayor\u00eda de votos la reactivaci\u00f3n del cobro del servicio de parqu\u00edmetros en Puebla capital durante el \u00faltimo bimestre del a\u00f1o.<\/p>\n\n\n\n<p>Lo anterior, a pesar de la advertencia que realiz\u00f3 la Comisi\u00f3n de Derechos Humanos del Estado de Puebla (CDH Puebla) sobre el incurrimiento de otra posible acci\u00f3n de inconstitucionalidad por no subsanar las observaciones de la Suprema Corte de Justicia de la Naci\u00f3n (SCJN) en materia jur\u00eddica y tributaria.<\/p>\n\n\n\n<p>En sesi\u00f3n ordinaria, con 27 votos a favor, 9 en contra y 3 abstenciones, los diputados locales aprobaron reformar la fracci\u00f3n XI del Art\u00edculo 57 de la Ley de Ingresos del Municipio de Puebla para el ejercicio fiscal 2023.<\/p>\n\n\n\n<p>Los legisladores que mostraron su rechazo al proyecto fueron los diputados morenistas Iv\u00e1n Herrera Villag\u00f3mez, Eliana Ang\u00e9lica Cervantes Gonzales, Carlos Alberto Evangelista Aniceto, Yolanda G\u00e1mez Mendoza y Daniela Mier Ba\u00f1uelos.<\/p>\n\n\n\n<p>Tambi\u00e9n los legisladores por el Partido del Trabajo (PT) Jos\u00e9 Antonio L\u00f3pez Ruiz, Gerardo Hern\u00e1ndez Rojas, Jos\u00e9 Miguel Octaviano Huerta y Nora Merino Escamilla.<\/p>\n\n\n\n<p>As\u00ed como las abstenciones del panista Eduardo Alc\u00e1ntara Montiel, la diputada petista M\u00f3nica Silva Ruiz, y la morenista Xel Arianna Hern\u00e1ndez Garc\u00eda.<\/p>\n\n\n\n<p>El cobro del servicio de parqu\u00edmetros iniciar\u00e1 una vez que el decreto sea publicado en el Peri\u00f3dico Oficial del Estado (POE), lo que podr\u00eda ocurrir el d\u00eda de ma\u00f1ana, debido a que el 1 de noviembre no es un d\u00eda inh\u00e1bil.<\/p>\n\n\n\n<p>Cobro de parqu\u00edmetros confronta a los diputados<br>El diputado Iv\u00e1n Herrera Villag\u00f3mez, integrante de la bancada de Morena, calific\u00f3 como incorrecto que el Ayuntamiento haya hecho modificaciones si no conoc\u00eda la sentencia de la SCJN de fondo, tal como indic\u00f3 la CDH Puebla.<\/p>\n\n\n\n<p>Antonio L\u00f3pez Ruiz, coordinador de la fracci\u00f3n parlamentaria del PT, se\u00f1al\u00f3 que el Ayuntamiento de Puebla, encabezado por el panista Eduardo Rivera P\u00e9rez, se hab\u00eda caracterizado por actuar bajo la opacidad de contratos y uso de recursos, por lo que exigi\u00f3 que realice un desglose del costo-beneficio que representa el uso de los parqu\u00edmetros.<\/p>\n\n\n\n<p>El presidente de la Comisi\u00f3n de Hacienda y Patrimonio Municipal, Jorge Estefan Chidiac, defendi\u00f3 los ajustes que se hicieron al cobro de parqu\u00edmetros. Indic\u00f3 que los mismos cumplen y subsanan las observaciones realizadas por SCJN, cumpliendo con sus obligaciones legislativas. Asimismo, record\u00f3 que el a\u00f1o pasado la mayor\u00eda en el Pleno aprob\u00f3 el proyecto.<\/p>\n\n\n\n<p>Eduardo Alc\u00e1ntara Montiel, integrante de la bancada de Acci\u00f3n Nacional (PAN) resalt\u00f3 que exist\u00edan anomal\u00edas en la conformaci\u00f3n del proyecto presentado por el Ayuntamiento de Puebla, ya que no explicaba la base gravable sobre la que se ajust\u00f3 el cobro del uso del espacio p\u00fablico. Lament\u00f3 que la SCJN siga corrigi\u00e9ndole la plana al Congreso de Puebla por no analizar los temas de fondo.<\/p>\n\n\n\n<p>Por otra parte, la diputada petista M\u00f3nica Silva Ruiz lament\u00f3 que el Legislativo no resuelva todos los asuntos con celeridad, como ocurri\u00f3 con el tema de los parqu\u00edmetros. Se\u00f1al\u00f3 que sigue pendiente la atenci\u00f3n a las sentencias de la SCJN sobre la despenalizaci\u00f3n del aborto, el reconocimiento a las infancias trans y la declaraci\u00f3n especial de usencia. (MIG)<\/p>\n","protected":false},"excerpt":{"rendered":"<p>Luego de casi dos horas de discusi\u00f3n, el Congreso de Puebla aprob\u00f3 por mayor\u00eda de votos la reactivaci\u00f3n del cobro del servicio de parqu\u00edmetros en Puebla capital durante el \u00faltimo bimestre del a\u00f1o. Lo anterior, a pesar de la advertencia que realiz\u00f3 la Comisi\u00f3n de Derechos Humanos del Estado de Puebla (CDH Puebla) sobre el [&hellip;]<\/p>\n","protected":false},"author":4,"featured_media":36279,"comment_status":"open","ping_status":"open","sticky":false,"template":"","format":"standard","meta":{"om_disable_all_campaigns":false,"_monsterinsights_skip_tracking":false,"_monsterinsights_sitenote_active":false,"_monsterinsights_sitenote_note":"","_monsterinsights_sitenote_category":0,"footnotes":""},"categories":[175],"tags":[227,195,223],"class_list":["post-36278","post","type-post","status-publish","format-standard","has-post-thumbnail","hentry","category-local","tag-congreso","tag-principal","tag-puebla"],"amp_enabled":true,"_links":{"self":[{"href":"https:\/\/lahora.mx\/index.php\/wp-json\/wp\/v2\/posts\/36278","targetHints":{"allow":["GET"]}}],"collection":[{"href":"https:\/\/lahora.mx\/index.php\/wp-json\/wp\/v2\/posts"}],"about":[{"href":"https:\/\/lahora.mx\/index.php\/wp-json\/wp\/v2\/types\/post"}],"author":[{"embeddable":true,"href":"https:\/\/lahora.mx\/index.php\/wp-json\/wp\/v2\/users\/4"}],"replies":[{"embeddable":true,"href":"https:\/\/lahora.mx\/index.php\/wp-json\/wp\/v2\/comments?post=36278"}],"version-history":[{"count":1,"href":"https:\/\/lahora.mx\/index.php\/wp-json\/wp\/v2\/posts\/36278\/revisions"}],"predecessor-version":[{"id":36280,"href":"https:\/\/lahora.mx\/index.php\/wp-json\/wp\/v2\/posts\/36278\/revisions\/36280"}],"wp:featuredmedia":[{"embeddable":true,"href":"https:\/\/lahora.mx\/index.php\/wp-json\/wp\/v2\/media\/36279"}],"wp:attachment":[{"href":"https:\/\/lahora.mx\/index.php\/wp-json\/wp\/v2\/media?parent=36278"}],"wp:term":[{"taxonomy":"category","embeddable":true,"href":"https:\/\/lahora.mx\/index.php\/wp-json\/wp\/v2\/categories?post=36278"},{"taxonomy":"post_tag","embeddable":true,"href":"https:\/\/lahora.mx\/index.php\/wp-json\/wp\/v2\/tags?post=36278"}],"curies":[{"name":"wp","href":"https:\/\/api.w.org\/{rel}","templated":true}]}}