{"id":36275,"date":"2023-10-31T23:59:55","date_gmt":"2023-10-31T23:59:55","guid":{"rendered":"http:\/\/lahora.mx\/?p=36275"},"modified":"2023-10-31T23:59:55","modified_gmt":"2023-10-31T23:59:55","slug":"costara-alrededor-de-10-millones-de-pesos-la-reconstruccion-en-venustiano-carranza-menciona-gobernador","status":"publish","type":"post","link":"https:\/\/lahora.mx\/index.php\/2023\/10\/31\/costara-alrededor-de-10-millones-de-pesos-la-reconstruccion-en-venustiano-carranza-menciona-gobernador\/","title":{"rendered":"Costar\u00e1 alrededor de 10 millones de pesos la reconstrucci\u00f3n en Venustiano Carranza menciona Gobernador"},"content":{"rendered":"\n<p>La reconstrucci\u00f3n de viviendas y rehabilitaci\u00f3n de infraestructura en el municipio de Venustiano Carranza, que se vio afectada por los remanentes del hurac\u00e1n Otis, costar\u00e1 alrededor de 10 millones de pesos, inform\u00f3 el gobernador de Puebla, Sergio Salom\u00f3n C\u00e9spedes Peregrina.<\/p>\n\n\n\n<p>En entrevista con medios de comunicaci\u00f3n, el mandatario estatal inform\u00f3 que su administraci\u00f3n cuenta con suficientes recursos para realizar los trabajos de restauraci\u00f3n en la Sierra Norte, particularmente en el municipio de Venustiano Carranza.<\/p>\n\n\n\n<p>Se\u00f1al\u00f3 que la cifra m\u00e1xima estimada para esta obligaci\u00f3n es de 10 millones de pesos. No obstante, expuso que s\u00ed se requiere m\u00e1s capital podr\u00e1 aumentarse el presupuesto.<\/p>\n\n\n\n<p>\u201cLo de Venustiano Carranza yo estoy seguro que no rebasar\u00e1 m\u00e1s de 10 millones de pesos, estamos trabajando con los \u00faltimos an\u00e1lisis y, si fuera necesario m\u00e1s, estamos preparados para ello, no tengo mayor problema para esta acci\u00f3n\u201d, defendi\u00f3 C\u00e9spedes Peregrina.<\/p>\n\n\n\n<p>Agreg\u00f3 que las dependencias de su administraci\u00f3n est\u00e1n realizando los an\u00e1lisis necesarios para evaluar los da\u00f1os y disponer los recursos que haga falta.<\/p>\n\n\n\n<p>Desbordamiento de r\u00edo en V. Carranza fue provocado por particulares: Sergio Salom\u00f3n<\/p>\n\n\n\n<p>El mandatario hizo hincapi\u00e9 en que el gobierno busca dar respuesta inmediata a los afectados por las tormentas.<\/p>\n\n\n\n<p>\u201cCreo que vamos a poder dar respuesta inmediata y tenemos una proyecci\u00f3n siempre reservada para cualquier tipo de emergencia que se pueda dar\u201d, coment\u00f3.<\/p>\n\n\n\n<p>Finalmente, cabe recordar que el Sistema Estatal de Protecci\u00f3n Civil dio a conocer que un total de 316 viviendas resultaron afectadas por los remanentes de Otis en Venustiano Carranza, de las cuales 15 fueron p\u00e9rdida total.<\/p>\n\n\n\n<p>La tromba azot\u00f3 a la demarcaci\u00f3n la noche del pasado 25 de octubre y la madrugada del 26 de octubre, horas despu\u00e9s de que el hurac\u00e1n toc\u00f3 las costas del Pac\u00edfico Mexicano.<\/p>\n","protected":false},"excerpt":{"rendered":"<p>La reconstrucci\u00f3n de viviendas y rehabilitaci\u00f3n de infraestructura en el municipio de Venustiano Carranza, que se vio afectada por los remanentes del hurac\u00e1n Otis, costar\u00e1 alrededor de 10 millones de pesos, inform\u00f3 el gobernador de Puebla, Sergio Salom\u00f3n C\u00e9spedes Peregrina. En entrevista con medios de comunicaci\u00f3n, el mandatario estatal inform\u00f3 que su administraci\u00f3n cuenta con [&hellip;]<\/p>\n","protected":false},"author":4,"featured_media":36276,"comment_status":"open","ping_status":"open","sticky":false,"template":"","format":"standard","meta":{"om_disable_all_campaigns":false,"_monsterinsights_skip_tracking":false,"_monsterinsights_sitenote_active":false,"_monsterinsights_sitenote_note":"","_monsterinsights_sitenote_category":0,"footnotes":""},"categories":[175],"tags":[195,223],"class_list":["post-36275","post","type-post","status-publish","format-standard","has-post-thumbnail","hentry","category-local","tag-principal","tag-puebla"],"amp_enabled":true,"_links":{"self":[{"href":"https:\/\/lahora.mx\/index.php\/wp-json\/wp\/v2\/posts\/36275","targetHints":{"allow":["GET"]}}],"collection":[{"href":"https:\/\/lahora.mx\/index.php\/wp-json\/wp\/v2\/posts"}],"about":[{"href":"https:\/\/lahora.mx\/index.php\/wp-json\/wp\/v2\/types\/post"}],"author":[{"embeddable":true,"href":"https:\/\/lahora.mx\/index.php\/wp-json\/wp\/v2\/users\/4"}],"replies":[{"embeddable":true,"href":"https:\/\/lahora.mx\/index.php\/wp-json\/wp\/v2\/comments?post=36275"}],"version-history":[{"count":1,"href":"https:\/\/lahora.mx\/index.php\/wp-json\/wp\/v2\/posts\/36275\/revisions"}],"predecessor-version":[{"id":36277,"href":"https:\/\/lahora.mx\/index.php\/wp-json\/wp\/v2\/posts\/36275\/revisions\/36277"}],"wp:featuredmedia":[{"embeddable":true,"href":"https:\/\/lahora.mx\/index.php\/wp-json\/wp\/v2\/media\/36276"}],"wp:attachment":[{"href":"https:\/\/lahora.mx\/index.php\/wp-json\/wp\/v2\/media?parent=36275"}],"wp:term":[{"taxonomy":"category","embeddable":true,"href":"https:\/\/lahora.mx\/index.php\/wp-json\/wp\/v2\/categories?post=36275"},{"taxonomy":"post_tag","embeddable":true,"href":"https:\/\/lahora.mx\/index.php\/wp-json\/wp\/v2\/tags?post=36275"}],"curies":[{"name":"wp","href":"https:\/\/api.w.org\/{rel}","templated":true}]}}