{"id":36271,"date":"2023-10-31T19:53:49","date_gmt":"2023-10-31T19:53:49","guid":{"rendered":"http:\/\/lahora.mx\/?p=36271"},"modified":"2023-10-31T19:53:49","modified_gmt":"2023-10-31T19:53:49","slug":"lopez-obrador-propone-que-los-fideicomisos-de-funcionarios-sean-para-apoyar-a-acapulco","status":"publish","type":"post","link":"https:\/\/lahora.mx\/index.php\/2023\/10\/31\/lopez-obrador-propone-que-los-fideicomisos-de-funcionarios-sean-para-apoyar-a-acapulco\/","title":{"rendered":"L\u00f3pez Obrador propone que los fideicomisos de funcionarios sean para apoyar a Acapulco"},"content":{"rendered":"\n<p>El presidente de M\u00e9xico, Andr\u00e9s Manuel L\u00f3pez Obrador propuso al Poder Judicial Federal destinar los 15 mil millones de pesos de los fideicomisos &#8211; utilizados en privilegios de altos funcionarios &#8211; para ayudar a los damnificados por el hurac\u00e1n Otis en el puerto de Acapulco, Guerrero.<\/p>\n\n\n\n<p>La propuesta es con el fin de ahorrar tiempo en controversias constitucionales por parte de la oposici\u00f3n una vez que la ley sea publicada, sobre todo porque saben bien los integrantes del poder judicial que \u00abno pueden corregir la plana\u00bb a los legisladores en materia de ingreso y presupuesto, debido a que es una facultad exclusiva que les da la constituci\u00f3n, record\u00f3 L\u00f3pez Obrador.<\/p>\n\n\n\n<p>De esta forma, una vez que se formalice la extinci\u00f3n de los fideicomisos, los 15 mil millones de pesos pasar\u00edan a la tesorer\u00eda de la federaci\u00f3n y de ah\u00ed, si acepta el poder judicial, se convertir\u00edan en ayuda directa para los miles de afectados por Otis.<\/p>\n\n\n\n<p>De hecho, el presidente consider\u00f3 que ser\u00eda necesario crear un comit\u00e9 de vigilancia sobre estos recursos en el que est\u00e9n representados los tres poderes y as\u00ed garantizar el buen uso de los recursos.<br>\u00bfQu\u00e9 les propongo a los integrantes del poder judicial? Un acuerdo, que se destinen los 15 mil millones a apoyar a los damnificados de Acapulco y que ellos formen parte del comit\u00e9 que va a vigilar la aplicaci\u00f3n de los fondos para que le llegue a la gente de Acapulco. Tendr\u00edamos que esperar a que se publique la ley de ingresos, el presupuesto y luego ver si no va a haber controversia, pero ellos podr\u00edan decir que est\u00e1n de acuerdo porque no les afecta en su presupuesto\u00bb, insisti\u00f3 el jefe del ejecutivo federal.<\/p>\n\n\n\n<p>Si esa propuesta no les convence, el presidente plante\u00f3 una segunda opci\u00f3n la cual contempla que del presupuesto que solicit\u00f3 el poder judicial federal para el a\u00f1o entrante y que es superior a los 81 mil millones de pesos, se reduzca el sueldo nada m\u00b4s \u00aba los de arriba\u00bb.<\/p>\n\n\n\n<p>Al llevar a cabo ese ajuste, conforme a la constituci\u00f3n de que ning\u00fan servidor p\u00fablico puede ganar m\u00e1s que el presidente de la rep\u00fablica, se generar\u00eda un ahorro de varios miles de millones de pesos, los cuales pueden ser destinados a apoyos de familias de estudiantes pobres.<\/p>\n\n\n\n<p>Nada m\u00e1s que los que ganen m\u00e1s, que le bajen 5 pesos 10 pesos, 20 pesos, ya con eso todo lo dem\u00e1s se mantiene igual\u00bb, consider\u00f3 el presidente.<\/p>\n\n\n\n<p>L\u00f3pez Obrador dijo que los integrantes del poder judicial tienen la obligaci\u00f3n de cuidar el prestigio de la instituci\u00f3n que representan y no pueden seguir contribuyendo a deteriorar la imagen de la Suprema Corte de Justicia de la Naci\u00f3n (SCJN).<\/p>\n\n\n\n<p>Tambi\u00e9n dijo que es la oportunidad del poder judicial federal de iniciar una etapa nueva y \u00abhay que esperar a ver qu\u00e9 deciden. \u00bfC\u00f3mo se va a ver el poder judicial, van a resolver a favor de ellos?\u00bb, cuestion\u00f3 por \u00faltimo el presidente.<\/p>\n","protected":false},"excerpt":{"rendered":"<p>El presidente de M\u00e9xico, Andr\u00e9s Manuel L\u00f3pez Obrador propuso al Poder Judicial Federal destinar los 15 mil millones de pesos de los fideicomisos &#8211; utilizados en privilegios de altos funcionarios &#8211; para ayudar a los damnificados por el hurac\u00e1n Otis en el puerto de Acapulco, Guerrero. La propuesta es con el fin de ahorrar tiempo [&hellip;]<\/p>\n","protected":false},"author":4,"featured_media":36272,"comment_status":"open","ping_status":"open","sticky":false,"template":"","format":"standard","meta":{"om_disable_all_campaigns":false,"_monsterinsights_skip_tracking":false,"_monsterinsights_sitenote_active":false,"_monsterinsights_sitenote_note":"","_monsterinsights_sitenote_category":0,"footnotes":""},"categories":[176],"tags":[195,223],"class_list":["post-36271","post","type-post","status-publish","format-standard","has-post-thumbnail","hentry","category-nacional","tag-principal","tag-puebla"],"amp_enabled":true,"_links":{"self":[{"href":"https:\/\/lahora.mx\/index.php\/wp-json\/wp\/v2\/posts\/36271","targetHints":{"allow":["GET"]}}],"collection":[{"href":"https:\/\/lahora.mx\/index.php\/wp-json\/wp\/v2\/posts"}],"about":[{"href":"https:\/\/lahora.mx\/index.php\/wp-json\/wp\/v2\/types\/post"}],"author":[{"embeddable":true,"href":"https:\/\/lahora.mx\/index.php\/wp-json\/wp\/v2\/users\/4"}],"replies":[{"embeddable":true,"href":"https:\/\/lahora.mx\/index.php\/wp-json\/wp\/v2\/comments?post=36271"}],"version-history":[{"count":1,"href":"https:\/\/lahora.mx\/index.php\/wp-json\/wp\/v2\/posts\/36271\/revisions"}],"predecessor-version":[{"id":36273,"href":"https:\/\/lahora.mx\/index.php\/wp-json\/wp\/v2\/posts\/36271\/revisions\/36273"}],"wp:featuredmedia":[{"embeddable":true,"href":"https:\/\/lahora.mx\/index.php\/wp-json\/wp\/v2\/media\/36272"}],"wp:attachment":[{"href":"https:\/\/lahora.mx\/index.php\/wp-json\/wp\/v2\/media?parent=36271"}],"wp:term":[{"taxonomy":"category","embeddable":true,"href":"https:\/\/lahora.mx\/index.php\/wp-json\/wp\/v2\/categories?post=36271"},{"taxonomy":"post_tag","embeddable":true,"href":"https:\/\/lahora.mx\/index.php\/wp-json\/wp\/v2\/tags?post=36271"}],"curies":[{"name":"wp","href":"https:\/\/api.w.org\/{rel}","templated":true}]}}