{"id":36268,"date":"2023-10-31T19:47:24","date_gmt":"2023-10-31T19:47:24","guid":{"rendered":"http:\/\/lahora.mx\/?p=36268"},"modified":"2023-10-31T19:47:26","modified_gmt":"2023-10-31T19:47:26","slug":"rssp-reconoce-y-sabe-de-las-operaciones-ilicitas-de-los-gonzalez-los-tepeacas-y-los-malverdes-en-puebla","status":"publish","type":"post","link":"https:\/\/lahora.mx\/index.php\/2023\/10\/31\/rssp-reconoce-y-sabe-de-las-operaciones-ilicitas-de-los-gonzalez-los-tepeacas-y-los-malverdes-en-puebla\/","title":{"rendered":"RSSP reconoce y sabe de las operaciones il\u00edcitas de \u00abLos Gonz\u00e1lez\u00bb, \u00abLos Tepeacas\u00bb y \u00abLos Malverdes\u00bb en Puebla"},"content":{"rendered":"\n<p>La Secretar\u00eda de Seguridad P\u00fablica SSP, admiti\u00f3 que tienen conocimiento de las bandas delictivas autodenominadas como \u00abLos Gonz\u00e1lez\u00bb, \u00abLos Tepeacas\u00bb y \u00abLos Malverdes\u00bb, los cuales han sido objetivos de captura por parte de la dependencia y se ha intercambiado informaci\u00f3n con otras autoridades para su ubicaci\u00f3n.<\/p>\n\n\n\n<p>\u00abTenemos identificados a ciertos objetivos, donde hemos llevado a cabo detenciones porque hemos trabajado con el intercambio de informaci\u00f3n de estos grupos como Los Gonz\u00e1lez, Los Malverde, Los Tepeaca, que s\u00ed existen, o se autodenominan de esta manera, tenemos identificados quienes pudieran ser estos generadores de violencia\u201d, dijo el titular de la Secretar\u00eda de Seguridad P\u00fablica Daniel Iv\u00e1n Cruz Luna.<\/p>\n\n\n\n<p>En rueda de prensa el funcionario indic\u00f3 que s\u00ed tienen como dependencia identificados a estos grupos que operan en la entidad poblana, ejemplo de ello Los Malverde que se sabe que ellos se encuentran en los l\u00edmites del Estado de Puebla y Veracruz, focalizados en Ca\u00f1ada de Morelos.<\/p>\n\n\n\n<p>A su vez, Los Gonz\u00e1lez , ser\u00edan los presuntos responsables del macabro hallazgo que ocurri\u00f3 hace 6 d\u00edas en Chachapa, Amozoc, donde fueron localizadas 10 bolsas con restos humanos de 4 personas en un terreno, pues junto a ellos, fue localizada una cartulina con un mensaje amenazante firmado presuntamente por ellos.<\/p>\n\n\n\n<p>Al respecto el funcionario indic\u00f3 que estos 3 grupos delictivos podr\u00edan ser generadores de violencia por lo que ya se est\u00e1n coordinando labores de intercambio de informaci\u00f3n para dar con ellos.<\/p>\n","protected":false},"excerpt":{"rendered":"<p>La Secretar\u00eda de Seguridad P\u00fablica SSP, admiti\u00f3 que tienen conocimiento de las bandas delictivas autodenominadas como \u00abLos Gonz\u00e1lez\u00bb, \u00abLos Tepeacas\u00bb y \u00abLos Malverdes\u00bb, los cuales han sido objetivos de captura por parte de la dependencia y se ha intercambiado informaci\u00f3n con otras autoridades para su ubicaci\u00f3n. \u00abTenemos identificados a ciertos objetivos, donde hemos llevado a [&hellip;]<\/p>\n","protected":false},"author":4,"featured_media":36269,"comment_status":"open","ping_status":"open","sticky":false,"template":"","format":"standard","meta":{"om_disable_all_campaigns":false,"_monsterinsights_skip_tracking":false,"_monsterinsights_sitenote_active":false,"_monsterinsights_sitenote_note":"","_monsterinsights_sitenote_category":0,"footnotes":""},"categories":[175],"tags":[223],"class_list":["post-36268","post","type-post","status-publish","format-standard","has-post-thumbnail","hentry","category-local","tag-puebla"],"amp_enabled":true,"_links":{"self":[{"href":"https:\/\/lahora.mx\/index.php\/wp-json\/wp\/v2\/posts\/36268","targetHints":{"allow":["GET"]}}],"collection":[{"href":"https:\/\/lahora.mx\/index.php\/wp-json\/wp\/v2\/posts"}],"about":[{"href":"https:\/\/lahora.mx\/index.php\/wp-json\/wp\/v2\/types\/post"}],"author":[{"embeddable":true,"href":"https:\/\/lahora.mx\/index.php\/wp-json\/wp\/v2\/users\/4"}],"replies":[{"embeddable":true,"href":"https:\/\/lahora.mx\/index.php\/wp-json\/wp\/v2\/comments?post=36268"}],"version-history":[{"count":1,"href":"https:\/\/lahora.mx\/index.php\/wp-json\/wp\/v2\/posts\/36268\/revisions"}],"predecessor-version":[{"id":36270,"href":"https:\/\/lahora.mx\/index.php\/wp-json\/wp\/v2\/posts\/36268\/revisions\/36270"}],"wp:featuredmedia":[{"embeddable":true,"href":"https:\/\/lahora.mx\/index.php\/wp-json\/wp\/v2\/media\/36269"}],"wp:attachment":[{"href":"https:\/\/lahora.mx\/index.php\/wp-json\/wp\/v2\/media?parent=36268"}],"wp:term":[{"taxonomy":"category","embeddable":true,"href":"https:\/\/lahora.mx\/index.php\/wp-json\/wp\/v2\/categories?post=36268"},{"taxonomy":"post_tag","embeddable":true,"href":"https:\/\/lahora.mx\/index.php\/wp-json\/wp\/v2\/tags?post=36268"}],"curies":[{"name":"wp","href":"https:\/\/api.w.org\/{rel}","templated":true}]}}