{"id":36264,"date":"2023-10-31T19:29:40","date_gmt":"2023-10-31T19:29:40","guid":{"rendered":"http:\/\/lahora.mx\/?p=36264"},"modified":"2023-10-31T19:29:40","modified_gmt":"2023-10-31T19:29:40","slug":"emboscan-a-convoy-de-sedena-dejando-un-saldo-de-muerto-y-varios-heridos-en-oquitoa-sonora","status":"publish","type":"post","link":"https:\/\/lahora.mx\/index.php\/2023\/10\/31\/emboscan-a-convoy-de-sedena-dejando-un-saldo-de-muerto-y-varios-heridos-en-oquitoa-sonora\/","title":{"rendered":"Emboscan a convoy de Sedena dejando un saldo de muerto y varios heridos en Oquitoa, Sonora"},"content":{"rendered":"\n<p>En una zona de cerros en el municipio de Oquitoa en Sinaloa, criminales emboscaron un convoy de elementos militares y de seguridad p\u00fablica; hasta el momento se reporta la muerte de un elemento de la Sedena, 6 heridos, adem\u00e1s de un polic\u00eda estatal lesionado de bala.<\/p>\n\n\n\n<p>Las fuerzas de seguridad acud\u00edan a atender un reporte de habitantes de Oquitoa, quienes desde las 3:30 horas de este martes 31 de octubre estuvieron bajo el terror de los estruendos de las r\u00e1fagas de armas de grueso calibre, hasta alrededor de las 6.00 horas.<\/p>\n\n\n\n<p>El municipio que en 2020 registraba una poblaci\u00f3n de 496 habitantes, suspendi\u00f3 toda actividad este d\u00eda, no hay clases ni comercios abiertos.<\/p>\n\n\n\n<p>Escalan hostilidades de grupos criminales por control de la zona<br>Los primeros reportes indican que hay civiles muertos, un elemento de la Sedena sin vida, 6 militares y un policia estatal heridos, as\u00ed como veh\u00edculos oficiales incendiados.<br>Ante la escalada de hostilidades de grupos criminales por el control de la zona, se recrudece la violencia en los municipios del desierto de Sonora, en la regi\u00f3n donde se encuentran Altar, Oquitoa, Atil, Tubutama, Saric, Sasabe, Trincheras, Pitiquito, Caborca y Sonoyta.<\/p>\n\n\n\n<p>La Secretaria de Seguridad P\u00fablica inform\u00f3 que desde el d\u00eda de ayer se han realizado diversos operativos en las inmediaciones de Altar en colaboraci\u00f3n entre Secretar\u00eda de la Defensa Nacional (Sedena) y Polic\u00eda Estatal, para preservar la tranquilidad de los habitantes de la zona.<\/p>\n\n\n\n<p>Refiri\u00f3 que se ha detenido a cinco generadores de violencia. Adem\u00e1s de varios veh\u00edculos y armas de diversos calibres.<\/p>\n\n\n\n<p>\u00abEn la madrugada del d\u00eda de hoy se suscit\u00f3 una agresi\u00f3n a la autoridad, donde resultaron lesionados algunos elementos de Sedena y uno de Polic\u00eda Estatal, los cuales fueron llevados a recibir atenci\u00f3n m\u00e9dica, reportando a un elemento del ej\u00e9rcito sin signos vitales\u00bb, comunic\u00f3.<\/p>\n\n\n\n<p>Agreg\u00f3 que los operativos coordinados contin\u00faan en las inmediaciones de la zona con presencia de Sedena, Agencia Ministerial de Investigaci\u00f3n Criminal (AMIC) y Polic\u00eda Estatal.<\/p>\n\n\n\n<p>Lee tambi\u00e9n VIDEO: Banda roba 10 autos de agencia Volvo en Le\u00f3n; tras persecuci\u00f3n abandonan 9<\/p>\n","protected":false},"excerpt":{"rendered":"<p>En una zona de cerros en el municipio de Oquitoa en Sinaloa, criminales emboscaron un convoy de elementos militares y de seguridad p\u00fablica; hasta el momento se reporta la muerte de un elemento de la Sedena, 6 heridos, adem\u00e1s de un polic\u00eda estatal lesionado de bala. Las fuerzas de seguridad acud\u00edan a atender un reporte [&hellip;]<\/p>\n","protected":false},"author":4,"featured_media":36265,"comment_status":"open","ping_status":"open","sticky":false,"template":"","format":"standard","meta":{"om_disable_all_campaigns":false,"_monsterinsights_skip_tracking":false,"_monsterinsights_sitenote_active":false,"_monsterinsights_sitenote_note":"","_monsterinsights_sitenote_category":0,"footnotes":""},"categories":[176],"tags":[223],"class_list":["post-36264","post","type-post","status-publish","format-standard","has-post-thumbnail","hentry","category-nacional","tag-puebla"],"amp_enabled":true,"_links":{"self":[{"href":"https:\/\/lahora.mx\/index.php\/wp-json\/wp\/v2\/posts\/36264","targetHints":{"allow":["GET"]}}],"collection":[{"href":"https:\/\/lahora.mx\/index.php\/wp-json\/wp\/v2\/posts"}],"about":[{"href":"https:\/\/lahora.mx\/index.php\/wp-json\/wp\/v2\/types\/post"}],"author":[{"embeddable":true,"href":"https:\/\/lahora.mx\/index.php\/wp-json\/wp\/v2\/users\/4"}],"replies":[{"embeddable":true,"href":"https:\/\/lahora.mx\/index.php\/wp-json\/wp\/v2\/comments?post=36264"}],"version-history":[{"count":1,"href":"https:\/\/lahora.mx\/index.php\/wp-json\/wp\/v2\/posts\/36264\/revisions"}],"predecessor-version":[{"id":36266,"href":"https:\/\/lahora.mx\/index.php\/wp-json\/wp\/v2\/posts\/36264\/revisions\/36266"}],"wp:featuredmedia":[{"embeddable":true,"href":"https:\/\/lahora.mx\/index.php\/wp-json\/wp\/v2\/media\/36265"}],"wp:attachment":[{"href":"https:\/\/lahora.mx\/index.php\/wp-json\/wp\/v2\/media?parent=36264"}],"wp:term":[{"taxonomy":"category","embeddable":true,"href":"https:\/\/lahora.mx\/index.php\/wp-json\/wp\/v2\/categories?post=36264"},{"taxonomy":"post_tag","embeddable":true,"href":"https:\/\/lahora.mx\/index.php\/wp-json\/wp\/v2\/tags?post=36264"}],"curies":[{"name":"wp","href":"https:\/\/api.w.org\/{rel}","templated":true}]}}