{"id":36254,"date":"2023-10-31T18:10:52","date_gmt":"2023-10-31T18:10:52","guid":{"rendered":"http:\/\/lahora.mx\/?p=36254"},"modified":"2023-10-31T18:10:53","modified_gmt":"2023-10-31T18:10:53","slug":"se-entrega-la-rehabilitacion-de-calles-en-el-centro-historico","status":"publish","type":"post","link":"https:\/\/lahora.mx\/index.php\/2023\/10\/31\/se-entrega-la-rehabilitacion-de-calles-en-el-centro-historico\/","title":{"rendered":"Se entrega la rehabilitaci\u00f3n de calles en el Centro Hist\u00f3rico"},"content":{"rendered":"\n<p>Luego de casi seis meses de obras, este martes 31 de octubre fueron inauguradas las calles del Centro Hist\u00f3rico de la capital que fueron intervenidas para su rehabilitaci\u00f3n.<\/p>\n\n\n\n<p>Se trata del pol\u00edgono comprendido por las avenidas 10, 12, 14, 16 Oriente-Poniente, entre 11 Norte y el bulevar 5 de Mayo.<\/p>\n\n\n\n<p>As\u00ed como tambi\u00e9n la avenida 18 Poniente, desde la 3 a la 5 Norte y las calles 3, 5 y 4 Norte, entre 14 y 20 Oriente-Poniente.<\/p>\n\n\n\n<p>De acuerdo con el presidente municipal, Eduardo Rivera P\u00e9rez, en su conjunto estas obras tuvieron una inversi\u00f3n de 200 millones de pesos que adem\u00e1s de readoquinamiento, tambi\u00e9n se aplic\u00f3 concreto hidr\u00e1ulico como pavimentaci\u00f3n.<\/p>\n\n\n\n<p>Al mismo tiempo, se dio a conocer el retorno paulatino a la circulaci\u00f3n de las unidades de transporte p\u00fablico, que hab\u00edan modificado su trayectoria durante el tiempo que duraron las obras en el Centro Hist\u00f3rico.<\/p>\n\n\n\n<p>De acuerdo con Rub\u00ed V\u00e1zquez Cruz, subsecretaria de Movilidad municipal, son prioritarias las avenidas 10 y 14 Poniente-Oriente para albergar a las unidades del transporte p\u00fablico.<\/p>\n\n\n\n<p>Explic\u00f3 que ser\u00e1 en coordinaci\u00f3n con la Secretar\u00eda de Movilidad y Transportes cuando se den a conocer en pr\u00f3ximas fechas los detalles del ordenamiento de las rutas del transporte p\u00fablico a la ciudadan\u00eda.<\/p>\n\n\n\n<p>Parqu\u00edmetros Puebla: se requiere el sistema para continuar reordenamiento<br>Asimismo, a fin de continuar el reordenamiento del Centro Hist\u00f3rico ante la entrega de las obras, Rivera P\u00e9rez inform\u00f3 que se requerir\u00e1 del sistema de parqu\u00edmetros.<\/p>\n\n\n\n<p>El alcalde reiter\u00f3 que conf\u00eda en su aprobaci\u00f3n por parte del Congreso de Puebla, el cual se encuentra estudiando a trav\u00e9s de la Comisi\u00f3n de Patrimonio y Hacienda Municipal el proyecto de subsanaci\u00f3n a observaciones emitidas por la Suprema Corte de Justicia de la Naci\u00f3n (SCJN).<\/p>\n\n\n\n<p>Ante algunos se\u00f1alamientos del diputado panista, Eduardo Alc\u00e1ntara Montiel, quien ha referido que el proyecto no explica la designaci\u00f3n de 5 pesos por hora como tarifa para el uso de los cajones, el edil se\u00f1al\u00f3 que en ninguna ley se declaran los criterios por los que se establezcan las tarifas.<\/p>\n\n\n\n<p>Sin embargo, el edil panista reconoci\u00f3 que su compa\u00f1ero de partido se abstendr\u00e1 de votar el proyecto una vez que este pase al Pleno. (MIG)<\/p>\n","protected":false},"excerpt":{"rendered":"<p>Luego de casi seis meses de obras, este martes 31 de octubre fueron inauguradas las calles del Centro Hist\u00f3rico de la capital que fueron intervenidas para su rehabilitaci\u00f3n. Se trata del pol\u00edgono comprendido por las avenidas 10, 12, 14, 16 Oriente-Poniente, entre 11 Norte y el bulevar 5 de Mayo. As\u00ed como tambi\u00e9n la avenida [&hellip;]<\/p>\n","protected":false},"author":4,"featured_media":36255,"comment_status":"open","ping_status":"open","sticky":false,"template":"","format":"standard","meta":{"om_disable_all_campaigns":false,"_monsterinsights_skip_tracking":false,"_monsterinsights_sitenote_active":false,"_monsterinsights_sitenote_note":"","_monsterinsights_sitenote_category":0,"footnotes":""},"categories":[175],"tags":[195,223],"class_list":["post-36254","post","type-post","status-publish","format-standard","has-post-thumbnail","hentry","category-local","tag-principal","tag-puebla"],"amp_enabled":true,"_links":{"self":[{"href":"https:\/\/lahora.mx\/index.php\/wp-json\/wp\/v2\/posts\/36254","targetHints":{"allow":["GET"]}}],"collection":[{"href":"https:\/\/lahora.mx\/index.php\/wp-json\/wp\/v2\/posts"}],"about":[{"href":"https:\/\/lahora.mx\/index.php\/wp-json\/wp\/v2\/types\/post"}],"author":[{"embeddable":true,"href":"https:\/\/lahora.mx\/index.php\/wp-json\/wp\/v2\/users\/4"}],"replies":[{"embeddable":true,"href":"https:\/\/lahora.mx\/index.php\/wp-json\/wp\/v2\/comments?post=36254"}],"version-history":[{"count":1,"href":"https:\/\/lahora.mx\/index.php\/wp-json\/wp\/v2\/posts\/36254\/revisions"}],"predecessor-version":[{"id":36256,"href":"https:\/\/lahora.mx\/index.php\/wp-json\/wp\/v2\/posts\/36254\/revisions\/36256"}],"wp:featuredmedia":[{"embeddable":true,"href":"https:\/\/lahora.mx\/index.php\/wp-json\/wp\/v2\/media\/36255"}],"wp:attachment":[{"href":"https:\/\/lahora.mx\/index.php\/wp-json\/wp\/v2\/media?parent=36254"}],"wp:term":[{"taxonomy":"category","embeddable":true,"href":"https:\/\/lahora.mx\/index.php\/wp-json\/wp\/v2\/categories?post=36254"},{"taxonomy":"post_tag","embeddable":true,"href":"https:\/\/lahora.mx\/index.php\/wp-json\/wp\/v2\/tags?post=36254"}],"curies":[{"name":"wp","href":"https:\/\/api.w.org\/{rel}","templated":true}]}}