{"id":36251,"date":"2023-10-31T18:04:11","date_gmt":"2023-10-31T18:04:11","guid":{"rendered":"http:\/\/lahora.mx\/?p=36251"},"modified":"2023-10-31T18:04:13","modified_gmt":"2023-10-31T18:04:13","slug":"atlixco-participa-en-el-foro-global-de-resiliencia","status":"publish","type":"post","link":"https:\/\/lahora.mx\/index.php\/2023\/10\/31\/atlixco-participa-en-el-foro-global-de-resiliencia\/","title":{"rendered":"Atlixco participa en el Foro Global de Resiliencia"},"content":{"rendered":"\n<p>A ra\u00edz de la participaci\u00f3n de Atlixco en el Foro Global de Resiliencia con sede en Dubai, el gobierno que preside Ariadna Ayala est\u00e1 trabajando a la par con el gobierno del Estado para fortalecer las estrategias que permitan mejorar la capacidad del gobierno, los sectores privados y la ciudadan\u00eda para hacer frente con flexibilidad y reducir los riesgos<\/p>\n\n\n\n<p>El Foro Global de Resiliencia tuvo participaci\u00f3n de importantes figuras, 150 delegadas y delegados, 500 asistentes y 35 oradoras y oradores de alrededor del mundo, siendo el municipio de Atlixco part\u00edcipe de este importante foro; que tuvo la finalidad de enfatizar la importancia de la colaboraci\u00f3n internacional al abordar los desaf\u00edos y riesgos asociados al cambio clim\u00e1tico, compartir acciones y estrategias que refuercen las pol\u00edticas urbanas de resiliencia.<\/p>\n\n\n\n<p>Ariadna Ayala, mencion\u00f3 que a nadie le gusta pensar en la tragedia, pero resulta que la resiliencia, por definici\u00f3n, es la capacidad que se tiene para adaptarse a la adversidad, y por ello ser\u00eda mejor estar preparados, identificar las zonas y espacios de riesgo y emprender acciones que aminoren esta situaci\u00f3n y poder responder a los obst\u00e1culos.<\/p>\n\n\n\n<p>Actualmente el gobierno de Atlixco est\u00e1 desarrollando este tema a trav\u00e9s de cuatro etapas, pues el municipio es una de las siete zonas con riesgos, entre ellos los s\u00edsmicos, volc\u00e1nicos y deslaves; por lo cual es de suma importancia que estas estrategias sean bien elaboradas para actuar de la forma correcta y no improvisando.<\/p>\n","protected":false},"excerpt":{"rendered":"<p>A ra\u00edz de la participaci\u00f3n de Atlixco en el Foro Global de Resiliencia con sede en Dubai, el gobierno que preside Ariadna Ayala est\u00e1 trabajando a la par con el gobierno del Estado para fortalecer las estrategias que permitan mejorar la capacidad del gobierno, los sectores privados y la ciudadan\u00eda para hacer frente con flexibilidad [&hellip;]<\/p>\n","protected":false},"author":4,"featured_media":36252,"comment_status":"open","ping_status":"open","sticky":false,"template":"","format":"standard","meta":{"om_disable_all_campaigns":false,"_monsterinsights_skip_tracking":false,"_monsterinsights_sitenote_active":false,"_monsterinsights_sitenote_note":"","_monsterinsights_sitenote_category":0,"footnotes":""},"categories":[175],"tags":[223],"class_list":["post-36251","post","type-post","status-publish","format-standard","has-post-thumbnail","hentry","category-local","tag-puebla"],"amp_enabled":true,"_links":{"self":[{"href":"https:\/\/lahora.mx\/index.php\/wp-json\/wp\/v2\/posts\/36251","targetHints":{"allow":["GET"]}}],"collection":[{"href":"https:\/\/lahora.mx\/index.php\/wp-json\/wp\/v2\/posts"}],"about":[{"href":"https:\/\/lahora.mx\/index.php\/wp-json\/wp\/v2\/types\/post"}],"author":[{"embeddable":true,"href":"https:\/\/lahora.mx\/index.php\/wp-json\/wp\/v2\/users\/4"}],"replies":[{"embeddable":true,"href":"https:\/\/lahora.mx\/index.php\/wp-json\/wp\/v2\/comments?post=36251"}],"version-history":[{"count":1,"href":"https:\/\/lahora.mx\/index.php\/wp-json\/wp\/v2\/posts\/36251\/revisions"}],"predecessor-version":[{"id":36253,"href":"https:\/\/lahora.mx\/index.php\/wp-json\/wp\/v2\/posts\/36251\/revisions\/36253"}],"wp:featuredmedia":[{"embeddable":true,"href":"https:\/\/lahora.mx\/index.php\/wp-json\/wp\/v2\/media\/36252"}],"wp:attachment":[{"href":"https:\/\/lahora.mx\/index.php\/wp-json\/wp\/v2\/media?parent=36251"}],"wp:term":[{"taxonomy":"category","embeddable":true,"href":"https:\/\/lahora.mx\/index.php\/wp-json\/wp\/v2\/categories?post=36251"},{"taxonomy":"post_tag","embeddable":true,"href":"https:\/\/lahora.mx\/index.php\/wp-json\/wp\/v2\/tags?post=36251"}],"curies":[{"name":"wp","href":"https:\/\/api.w.org\/{rel}","templated":true}]}}