{"id":36248,"date":"2023-10-31T16:56:15","date_gmt":"2023-10-31T16:56:15","guid":{"rendered":"http:\/\/lahora.mx\/?p=36248"},"modified":"2023-10-31T16:56:16","modified_gmt":"2023-10-31T16:56:16","slug":"se-mantiene-en-46-el-numero-de-decesos-por-huracan-otis-en-guerrero","status":"publish","type":"post","link":"https:\/\/lahora.mx\/index.php\/2023\/10\/31\/se-mantiene-en-46-el-numero-de-decesos-por-huracan-otis-en-guerrero\/","title":{"rendered":"Se mantiene en 46 el numero de decesos por hurac\u00e1n Otis en Guerrero"},"content":{"rendered":"\n<p>En su conferencia de prensa matutina, el presidente Andr\u00e9s Manuel L\u00f3pez Obrador se comunic\u00f3 con la gobernadora de Guerrero Evelyn Salgado Pineda, quien inform\u00f3 que el n\u00famero de fallecidos en Acapulco tras el paso del hurac\u00e1n Otis se mantiene en 46.<\/p>\n\n\n\n<p>Adem\u00e1s, la gobernadora guerrerense confirm\u00f3 que, para el d\u00eda de hoy 31 de octubre, el n\u00famero de personas no localizadas ascendi\u00f3 a 58, luego de que el d\u00eda de ayer se reportaran 36 personas desaparecidas.<\/p>\n\n\n\n<p>Asimismo, comparti\u00f3 que actualmente cuentan con m\u00e1s de 30 brigadas que se encuentran enfocadas en la b\u00fasqueda de personas que han sido reportadas como no localizadas, gracias a las cuales han podido encontrar a 214 personas que no hab\u00edan podido comunicarse con sus familias.<\/p>\n\n\n\n<p>Salgado Pineda tambi\u00e9n detall\u00f3 que cerca de mil 500 personas se encuentran trabajando en a lo largo del estado para la liberaci\u00f3n de 20 arterias, alrededor de 44 kil\u00f3metros lineales, que dar\u00e1n acceso a Acapulco, lo que har\u00e1 m\u00e1s sencilla la entrega de v\u00edveres y apoyo a la ciudad costera.<\/p>\n\n\n\n<p>Dado el impacto que tuvo Otis en la costa guerrerense, la Comisi\u00f3n Federal de Electricidad (CFE) report\u00f3 afectaciones a m\u00e1s de 10 mil postes de electricidad, raz\u00f3n por la que los servicios de electricidad y telecomunicaciones no han sido completamente restablecidos.<\/p>\n\n\n\n<p>Sin embargo, durante la \u201dma\u00f1anera\u201d, el presidente mexicano inform\u00f3 que, a casi una semana del arribo de Otis a territorio mexicano, el 75 por ciento de la electricidad en el estado ha sido restablecido, mientras que en Acapulco actualmente se encuentra al 50 por ciento.<\/p>\n\n\n\n<p>La CFE se\u00f1al\u00f3 que, de los m\u00e1s de 10 mil postes que tumb\u00f3 el hurac\u00e1n, se han restablecido alrededor de 5 mil postes, privilegiando los postes de media tensi\u00f3n donde van los transformadores, mientras que la otra mitad de los postes se restablecer\u00e1n en las pr\u00f3ximas dos semanas, sin embargo, esto ser\u00e1 cuando la electricidad ya est\u00e9 al 100 por ciento.<\/p>\n\n\n\n<p>L\u00f3pez Obrador se comunic\u00f3 con los integrantes de su gabinete que actualmente se encuentran en Acapulco, supervisando las obras de b\u00fasqueda, restablecimiento y reconstrucci\u00f3n de la ciudad costera, a quienes inform\u00f3 que visitar\u00e1 la tarde de hoy en Guerrero.<\/p>\n\n\n\n<p>El presidente viajar\u00e1 por la tarde a Guerrero para tener una reuni\u00f3n de evaluaci\u00f3n en las que se decidir\u00e1n las acciones para entrega de apoyos a viviendas y peque\u00f1os negocios, donde se\u00f1al\u00f3 que se empezar\u00e1 con los hogares ya censados.<\/p>\n\n\n\n<p>La secretaria de Bienestar Ariadna Montiel Reyes inform\u00f3 que hasta el momento se han censado m\u00e1s de 34 mil casas y peque\u00f1os negocios en Acapulco gracias al despliegue de 2 mil personas de otros estados que se encuentran apoyando en Guerrero.<\/p>\n\n\n\n<p>El censo servir\u00e1 para la repartici\u00f3n y entrega de apoyos por parte de la Secretar\u00eda de Bienestar, mismos que L\u00f3pez Obrador orden\u00f3 adelantar y que se har\u00e1n de manera directa mientras se rehabilitan las dos sedes del Banco del Bienestar en Acapulco.<\/p>\n","protected":false},"excerpt":{"rendered":"<p>En su conferencia de prensa matutina, el presidente Andr\u00e9s Manuel L\u00f3pez Obrador se comunic\u00f3 con la gobernadora de Guerrero Evelyn Salgado Pineda, quien inform\u00f3 que el n\u00famero de fallecidos en Acapulco tras el paso del hurac\u00e1n Otis se mantiene en 46. Adem\u00e1s, la gobernadora guerrerense confirm\u00f3 que, para el d\u00eda de hoy 31 de octubre, [&hellip;]<\/p>\n","protected":false},"author":4,"featured_media":36249,"comment_status":"open","ping_status":"open","sticky":false,"template":"","format":"standard","meta":{"om_disable_all_campaigns":false,"_monsterinsights_skip_tracking":false,"_monsterinsights_sitenote_active":false,"_monsterinsights_sitenote_note":"","_monsterinsights_sitenote_category":0,"footnotes":""},"categories":[176],"tags":[],"class_list":["post-36248","post","type-post","status-publish","format-standard","has-post-thumbnail","hentry","category-nacional"],"amp_enabled":true,"_links":{"self":[{"href":"https:\/\/lahora.mx\/index.php\/wp-json\/wp\/v2\/posts\/36248","targetHints":{"allow":["GET"]}}],"collection":[{"href":"https:\/\/lahora.mx\/index.php\/wp-json\/wp\/v2\/posts"}],"about":[{"href":"https:\/\/lahora.mx\/index.php\/wp-json\/wp\/v2\/types\/post"}],"author":[{"embeddable":true,"href":"https:\/\/lahora.mx\/index.php\/wp-json\/wp\/v2\/users\/4"}],"replies":[{"embeddable":true,"href":"https:\/\/lahora.mx\/index.php\/wp-json\/wp\/v2\/comments?post=36248"}],"version-history":[{"count":1,"href":"https:\/\/lahora.mx\/index.php\/wp-json\/wp\/v2\/posts\/36248\/revisions"}],"predecessor-version":[{"id":36250,"href":"https:\/\/lahora.mx\/index.php\/wp-json\/wp\/v2\/posts\/36248\/revisions\/36250"}],"wp:featuredmedia":[{"embeddable":true,"href":"https:\/\/lahora.mx\/index.php\/wp-json\/wp\/v2\/media\/36249"}],"wp:attachment":[{"href":"https:\/\/lahora.mx\/index.php\/wp-json\/wp\/v2\/media?parent=36248"}],"wp:term":[{"taxonomy":"category","embeddable":true,"href":"https:\/\/lahora.mx\/index.php\/wp-json\/wp\/v2\/categories?post=36248"},{"taxonomy":"post_tag","embeddable":true,"href":"https:\/\/lahora.mx\/index.php\/wp-json\/wp\/v2\/tags?post=36248"}],"curies":[{"name":"wp","href":"https:\/\/api.w.org\/{rel}","templated":true}]}}