{"id":36245,"date":"2023-10-31T16:44:58","date_gmt":"2023-10-31T16:44:58","guid":{"rendered":"http:\/\/lahora.mx\/?p=36245"},"modified":"2023-10-31T16:44:58","modified_gmt":"2023-10-31T16:44:58","slug":"localizan-a-214-personas-que-se-encontraban-desaparecidas-en-acapulco","status":"publish","type":"post","link":"https:\/\/lahora.mx\/index.php\/2023\/10\/31\/localizan-a-214-personas-que-se-encontraban-desaparecidas-en-acapulco\/","title":{"rendered":"Localizan a 214 personas que se encontraban desaparecidas en Acapulco"},"content":{"rendered":"\n<p>Durante la conferencia de prensa matutina del presidente Andr\u00e9s Manuel L\u00f3pez Obrador, la gobernadora de Guerrero, Evelyn Salgado Pineda, report\u00f3 que 214 personas que se encontraban desaparecidas en Acapulco fueron encontradas con vida.<\/p>\n\n\n\n<p>Asimismo, trav\u00e9s de sus redes sociales, la gobernadora guerrerense ha informado durante los \u00faltimos d\u00edas que, debido a las afectaciones a la infraestructura el\u00e9ctrica y el da\u00f1o a la comunicaci\u00f3n satelital, las 180 personas que se hab\u00edan reportado como desaparecidas hasta el d\u00eda de ayer, no hab\u00edan podido establecer comunicaci\u00f3n con sus familias.<\/p>\n\n\n\n<p>El paso del hurac\u00e1n Otis en territorio guerrerense cort\u00f3 todas las comunicaciones y destroz\u00f3 la infraestructura el\u00e9ctrica, sin embargo, con el paso de los d\u00edas, tanto la Comisi\u00f3n Federal de Electricidad (CFE) como las empresas de telecomunicaciones han ido reestableciendo los servicios.<\/p>\n\n\n\n<p>Aunque en un inicio Salgado Pineda hab\u00eda informado que eran 152 las personas que ya hab\u00edan sido encontradas, a trav\u00e9s de un post en X, antes Twitter, un par de horas m\u00e1s tarde corrigi\u00f3 el n\u00famero de personas localizadas a 180.<\/p>\n\n\n\n<p>De acuerdo con reportes del gobierno Federal, Otis caus\u00f3 da\u00f1os en 10 mil 210 postes el\u00e9ctricos, as\u00ed como en 37 l\u00edneas de transmisi\u00f3n, 26 subestaciones el\u00e9ctricas y una central de generaci\u00f3n en la ciudad de Acapulco, de los cuales la CFE ya hab\u00eda logrado reestablecer 3 mil 211.<\/p>\n\n\n\n<p>La gobernadora de Guerrero confirm\u00f3 que hay 30 brigadas que se mantienen en b\u00fasqueda de personas que han sido reportadas como no localizadas, brigadas que ayudaron a encontrar con vida a las 180 personas.<\/p>\n\n\n\n<p>Sin embargo, tambi\u00e9n report\u00f3 que el n\u00famero de personas que a\u00fan no han sido localizadas increment\u00f3 de 36 a 48 durante el de ayer, as\u00ed como los decesos ascendieron hasta 45, seg\u00fan la \u00faltima actualizaci\u00f3n al d\u00eda de ayer 30 de octubre. (JC)<\/p>\n","protected":false},"excerpt":{"rendered":"<p>Durante la conferencia de prensa matutina del presidente Andr\u00e9s Manuel L\u00f3pez Obrador, la gobernadora de Guerrero, Evelyn Salgado Pineda, report\u00f3 que 214 personas que se encontraban desaparecidas en Acapulco fueron encontradas con vida. Asimismo, trav\u00e9s de sus redes sociales, la gobernadora guerrerense ha informado durante los \u00faltimos d\u00edas que, debido a las afectaciones a la [&hellip;]<\/p>\n","protected":false},"author":4,"featured_media":36246,"comment_status":"open","ping_status":"open","sticky":false,"template":"","format":"standard","meta":{"om_disable_all_campaigns":false,"_monsterinsights_skip_tracking":false,"_monsterinsights_sitenote_active":false,"_monsterinsights_sitenote_note":"","_monsterinsights_sitenote_category":0,"footnotes":""},"categories":[176],"tags":[],"class_list":["post-36245","post","type-post","status-publish","format-standard","has-post-thumbnail","hentry","category-nacional"],"amp_enabled":true,"_links":{"self":[{"href":"https:\/\/lahora.mx\/index.php\/wp-json\/wp\/v2\/posts\/36245","targetHints":{"allow":["GET"]}}],"collection":[{"href":"https:\/\/lahora.mx\/index.php\/wp-json\/wp\/v2\/posts"}],"about":[{"href":"https:\/\/lahora.mx\/index.php\/wp-json\/wp\/v2\/types\/post"}],"author":[{"embeddable":true,"href":"https:\/\/lahora.mx\/index.php\/wp-json\/wp\/v2\/users\/4"}],"replies":[{"embeddable":true,"href":"https:\/\/lahora.mx\/index.php\/wp-json\/wp\/v2\/comments?post=36245"}],"version-history":[{"count":1,"href":"https:\/\/lahora.mx\/index.php\/wp-json\/wp\/v2\/posts\/36245\/revisions"}],"predecessor-version":[{"id":36247,"href":"https:\/\/lahora.mx\/index.php\/wp-json\/wp\/v2\/posts\/36245\/revisions\/36247"}],"wp:featuredmedia":[{"embeddable":true,"href":"https:\/\/lahora.mx\/index.php\/wp-json\/wp\/v2\/media\/36246"}],"wp:attachment":[{"href":"https:\/\/lahora.mx\/index.php\/wp-json\/wp\/v2\/media?parent=36245"}],"wp:term":[{"taxonomy":"category","embeddable":true,"href":"https:\/\/lahora.mx\/index.php\/wp-json\/wp\/v2\/categories?post=36245"},{"taxonomy":"post_tag","embeddable":true,"href":"https:\/\/lahora.mx\/index.php\/wp-json\/wp\/v2\/tags?post=36245"}],"curies":[{"name":"wp","href":"https:\/\/api.w.org\/{rel}","templated":true}]}}