{"id":36207,"date":"2023-10-28T01:39:02","date_gmt":"2023-10-28T01:39:02","guid":{"rendered":"http:\/\/lahora.mx\/?p=36207"},"modified":"2023-10-31T01:40:15","modified_gmt":"2023-10-31T01:40:15","slug":"habilita-congreso-del-estado-centro-de-acopio-en-apoyo-a-damnificados-de-guerrero","status":"publish","type":"post","link":"https:\/\/lahora.mx\/index.php\/2023\/10\/28\/habilita-congreso-del-estado-centro-de-acopio-en-apoyo-a-damnificados-de-guerrero\/","title":{"rendered":"Habilita Congreso del Estado centro de acopio en apoyo a damnificados de Guerrero"},"content":{"rendered":"\n<p>El Congreso del Estado de Puebla, a trav\u00e9s del Voluntariado, habilit\u00f3 un centro de acopio en apoyo a las personas damnificadas por el paso del Hurac\u00e1n Otis en Guerrero; a partir de este 27 de octubre se recibir\u00e1n v\u00edveres y art\u00edculos de primera necesidad.<\/p>\n\n\n\n<p>Para la entrega de donativos, las y los ciudadanos podr\u00e1n acudir en un horario de 9:00 a 18:00 horas a la Oficina de Atenci\u00f3n Ciudadana del Congreso del Estado, ubicada en la calle 5 Poniente n\u00famero 128, en el Centro Hist\u00f3rico de la ciudad de Puebla.<\/p>\n\n\n\n<p>En el centro de acopio se recibir\u00e1n v\u00edveres como agua embotellada, leche en polvo, az\u00facar, alimentos no perecederos, sopa, frijol, comida para mascotas, entre otros. Tambi\u00e9n podr\u00e1n aportar art\u00edculos de uso personal como jab\u00f3n, shampoo, papel higi\u00e9nico, toallas femeninas y pa\u00f1ales, adem\u00e1s de medicamentos.<\/p>\n\n\n\n<p>La titular del Voluntariado del Congreso del Estado, Vania Vidal Marcelo se\u00f1al\u00f3 que cualquier aportaci\u00f3n suma, por lo que invit\u00f3 a contribuir a esta noble causa y apoyar a las personas damnificadas.<\/p>\n","protected":false},"excerpt":{"rendered":"<p>El Congreso del Estado de Puebla, a trav\u00e9s del Voluntariado, habilit\u00f3 un centro de acopio en apoyo a las personas damnificadas por el paso del Hurac\u00e1n Otis en Guerrero; a partir de este 27 de octubre se recibir\u00e1n v\u00edveres y art\u00edculos de primera necesidad. Para la entrega de donativos, las y los ciudadanos podr\u00e1n acudir [&hellip;]<\/p>\n","protected":false},"author":4,"featured_media":36208,"comment_status":"open","ping_status":"open","sticky":false,"template":"","format":"standard","meta":{"om_disable_all_campaigns":false,"_monsterinsights_skip_tracking":false,"_monsterinsights_sitenote_active":false,"_monsterinsights_sitenote_note":"","_monsterinsights_sitenote_category":0,"footnotes":""},"categories":[175],"tags":[227,223],"class_list":["post-36207","post","type-post","status-publish","format-standard","has-post-thumbnail","hentry","category-local","tag-congreso","tag-puebla"],"amp_enabled":true,"_links":{"self":[{"href":"https:\/\/lahora.mx\/index.php\/wp-json\/wp\/v2\/posts\/36207","targetHints":{"allow":["GET"]}}],"collection":[{"href":"https:\/\/lahora.mx\/index.php\/wp-json\/wp\/v2\/posts"}],"about":[{"href":"https:\/\/lahora.mx\/index.php\/wp-json\/wp\/v2\/types\/post"}],"author":[{"embeddable":true,"href":"https:\/\/lahora.mx\/index.php\/wp-json\/wp\/v2\/users\/4"}],"replies":[{"embeddable":true,"href":"https:\/\/lahora.mx\/index.php\/wp-json\/wp\/v2\/comments?post=36207"}],"version-history":[{"count":1,"href":"https:\/\/lahora.mx\/index.php\/wp-json\/wp\/v2\/posts\/36207\/revisions"}],"predecessor-version":[{"id":36209,"href":"https:\/\/lahora.mx\/index.php\/wp-json\/wp\/v2\/posts\/36207\/revisions\/36209"}],"wp:featuredmedia":[{"embeddable":true,"href":"https:\/\/lahora.mx\/index.php\/wp-json\/wp\/v2\/media\/36208"}],"wp:attachment":[{"href":"https:\/\/lahora.mx\/index.php\/wp-json\/wp\/v2\/media?parent=36207"}],"wp:term":[{"taxonomy":"category","embeddable":true,"href":"https:\/\/lahora.mx\/index.php\/wp-json\/wp\/v2\/categories?post=36207"},{"taxonomy":"post_tag","embeddable":true,"href":"https:\/\/lahora.mx\/index.php\/wp-json\/wp\/v2\/tags?post=36207"}],"curies":[{"name":"wp","href":"https:\/\/api.w.org\/{rel}","templated":true}]}}