{"id":35878,"date":"2023-10-28T03:28:06","date_gmt":"2023-10-28T03:28:06","guid":{"rendered":"http:\/\/lahora.mx\/?p=35878"},"modified":"2023-10-28T03:28:06","modified_gmt":"2023-10-28T03:28:06","slug":"envia-gobierno-de-puebla-segunda-caravana-de-apoyo-a-damnificados-de-guerrero","status":"publish","type":"post","link":"https:\/\/lahora.mx\/index.php\/2023\/10\/28\/envia-gobierno-de-puebla-segunda-caravana-de-apoyo-a-damnificados-de-guerrero\/","title":{"rendered":"Env\u00eda gobierno de Puebla segunda caravana de apoyo a damnificados de Guerrero"},"content":{"rendered":"\n<p>En solidaridad con las familias que sufrieron afectaciones por el paso del hurac\u00e1n \u201cOtis\u201d, el gobierno presente de Sergio Salom\u00f3n, a trav\u00e9s de la Secretar\u00eda de Gobernaci\u00f3n (SEGOB), dio salida a la segunda caravana de apoyo y v\u00edveres a damnificados de Guerrero.<\/p>\n\n\n\n<p>El titular de la SEGOB, Javier Aquino Lim\u00f3n, en compa\u00f1\u00eda de la secretaria de Medio Ambiente, Desarrollo Sustentable y Ordenamiento Territorial, Beatriz Manrique Guevara; de Salud, Araceli Soria C\u00f3rdoba, y de Administraci\u00f3n, Jes\u00fas Ram\u00edrez D\u00edaz, explic\u00f3 que todo el gobierno estatal est\u00e1 sumado a ese esfuerzo, en el que la dosificaci\u00f3n de los insumos y tareas han sido espec\u00edficas para brindar ayuda puntual de manera estrat\u00e9gica, sin generar caos.<\/p>\n\n\n\n<p>Aquino Lim\u00f3n apunt\u00f3 que, a la cuadrilla de Bomberos, que sali\u00f3 el d\u00eda de ayer al vecino estado, se sumar\u00e1 el grupo de combatientes forestales \u201cCoyotes\u201d, que trabajar\u00e1 con motosierras para ayudar a despejar los caminos por el derribo de \u00e1rboles y maleza; asimismo, una retroexcavadora m\u00e1s.<\/p>\n\n\n\n<p>En su participaci\u00f3n, la secretaria de Medio Ambiente, Beatriz Manrique se\u00f1al\u00f3 que la dependencia envi\u00f3 seis brigadas con 44 combatientes forestales y seis veh\u00edculos; agreg\u00f3 que es personal con habilidades y conocimientos para apoyar de manera efectiva la afectaci\u00f3n que se vive en aquella entidad del pa\u00eds.<\/p>\n\n\n\n<p>La titular de la Secretar\u00eda de Salud, Araceli Soria coment\u00f3 que se mandan dos ambulancias equipadas, con personal para la atenci\u00f3n de urgencias; un cami\u00f3n de incidentes masivos para atender y trasladar a ocho pacientes en total; dos camionetas con material de curaci\u00f3n como guantes, gasas, cubrebocas, gel antibacterial, batas para m\u00e9dicos; as\u00ed como un grupo de 12 m\u00e9dicos y param\u00e9dicos que brindar\u00e1n asistencia a los lesionados.<\/p>\n\n\n\n<p>El Gobierno del Estado, que encabeza Sergio Salom\u00f3n, hace un llamado a la poblaci\u00f3n a sumarse a este esfuerzo para donar v\u00edveres y enseres, en las distintas sedes de las dependencias gubernamentales, los cuales posteriormente ser\u00e1n concentrados en el Sistema Estatal DIF, para su clasificaci\u00f3n y env\u00edo coordinado.<\/p>\n","protected":false},"excerpt":{"rendered":"<p>En solidaridad con las familias que sufrieron afectaciones por el paso del hurac\u00e1n \u201cOtis\u201d, el gobierno presente de Sergio Salom\u00f3n, a trav\u00e9s de la Secretar\u00eda de Gobernaci\u00f3n (SEGOB), dio salida a la segunda caravana de apoyo y v\u00edveres a damnificados de Guerrero. El titular de la SEGOB, Javier Aquino Lim\u00f3n, en compa\u00f1\u00eda de la secretaria [&hellip;]<\/p>\n","protected":false},"author":4,"featured_media":35879,"comment_status":"open","ping_status":"open","sticky":false,"template":"","format":"standard","meta":{"om_disable_all_campaigns":false,"_monsterinsights_skip_tracking":false,"_monsterinsights_sitenote_active":false,"_monsterinsights_sitenote_note":"","_monsterinsights_sitenote_category":0,"footnotes":""},"categories":[175],"tags":[239,223],"class_list":["post-35878","post","type-post","status-publish","format-standard","has-post-thumbnail","hentry","category-local","tag-gobierno","tag-puebla"],"amp_enabled":true,"_links":{"self":[{"href":"https:\/\/lahora.mx\/index.php\/wp-json\/wp\/v2\/posts\/35878","targetHints":{"allow":["GET"]}}],"collection":[{"href":"https:\/\/lahora.mx\/index.php\/wp-json\/wp\/v2\/posts"}],"about":[{"href":"https:\/\/lahora.mx\/index.php\/wp-json\/wp\/v2\/types\/post"}],"author":[{"embeddable":true,"href":"https:\/\/lahora.mx\/index.php\/wp-json\/wp\/v2\/users\/4"}],"replies":[{"embeddable":true,"href":"https:\/\/lahora.mx\/index.php\/wp-json\/wp\/v2\/comments?post=35878"}],"version-history":[{"count":1,"href":"https:\/\/lahora.mx\/index.php\/wp-json\/wp\/v2\/posts\/35878\/revisions"}],"predecessor-version":[{"id":35880,"href":"https:\/\/lahora.mx\/index.php\/wp-json\/wp\/v2\/posts\/35878\/revisions\/35880"}],"wp:featuredmedia":[{"embeddable":true,"href":"https:\/\/lahora.mx\/index.php\/wp-json\/wp\/v2\/media\/35879"}],"wp:attachment":[{"href":"https:\/\/lahora.mx\/index.php\/wp-json\/wp\/v2\/media?parent=35878"}],"wp:term":[{"taxonomy":"category","embeddable":true,"href":"https:\/\/lahora.mx\/index.php\/wp-json\/wp\/v2\/categories?post=35878"},{"taxonomy":"post_tag","embeddable":true,"href":"https:\/\/lahora.mx\/index.php\/wp-json\/wp\/v2\/tags?post=35878"}],"curies":[{"name":"wp","href":"https:\/\/api.w.org\/{rel}","templated":true}]}}