{"id":35868,"date":"2023-10-27T19:50:38","date_gmt":"2023-10-27T19:50:38","guid":{"rendered":"http:\/\/lahora.mx\/?p=35868"},"modified":"2023-10-27T19:50:38","modified_gmt":"2023-10-27T19:50:38","slug":"regresan-poblanos-varados-en-acapulco-por-el-huracan-otis","status":"publish","type":"post","link":"https:\/\/lahora.mx\/index.php\/2023\/10\/27\/regresan-poblanos-varados-en-acapulco-por-el-huracan-otis\/","title":{"rendered":"Regresan poblanos varados en Acapulco por el hurac\u00e1n Otis"},"content":{"rendered":"\n<p>Los siete poblanos que se encontraban varados en Acapulco tras el paso del hurac\u00e1n Otis ya se encuentran en su casa, as\u00ed lo detall\u00f3 la Secretar\u00eda de Gobernaci\u00f3n.<\/p>\n\n\n\n<p>A trav\u00e9s de un comunicado, la dependencia inform\u00f3 que las cinco mujeres y dos hombres fueron trasladados de regreso a la entidad, pues se encontraban en la zona de desastre.<\/p>\n\n\n\n<p>Hay que recordar que el gobierno de Puebla del estado puso a disposici\u00f3n de los afectados el n\u00famero 222 280 48 60, o a trav\u00e9s de las redes sociales oficiales en Facebook: Secretar\u00eda de Gobernaci\u00f3n de Puebla y en \u201cX\u201d: @Segob_Puebla.<\/p>\n\n\n\n<p>Hasta el momento, estas siete personas eran las \u00fanicas de las que se ten\u00eda registro que se manten\u00edan en la zona del desastre.<\/p>\n","protected":false},"excerpt":{"rendered":"<p>Los siete poblanos que se encontraban varados en Acapulco tras el paso del hurac\u00e1n Otis ya se encuentran en su casa, as\u00ed lo detall\u00f3 la Secretar\u00eda de Gobernaci\u00f3n. A trav\u00e9s de un comunicado, la dependencia inform\u00f3 que las cinco mujeres y dos hombres fueron trasladados de regreso a la entidad, pues se encontraban en la [&hellip;]<\/p>\n","protected":false},"author":4,"featured_media":35869,"comment_status":"open","ping_status":"open","sticky":false,"template":"","format":"standard","meta":{"om_disable_all_campaigns":false,"_monsterinsights_skip_tracking":false,"_monsterinsights_sitenote_active":false,"_monsterinsights_sitenote_note":"","_monsterinsights_sitenote_category":0,"footnotes":""},"categories":[175],"tags":[195,223],"class_list":["post-35868","post","type-post","status-publish","format-standard","has-post-thumbnail","hentry","category-local","tag-principal","tag-puebla"],"amp_enabled":true,"_links":{"self":[{"href":"https:\/\/lahora.mx\/index.php\/wp-json\/wp\/v2\/posts\/35868","targetHints":{"allow":["GET"]}}],"collection":[{"href":"https:\/\/lahora.mx\/index.php\/wp-json\/wp\/v2\/posts"}],"about":[{"href":"https:\/\/lahora.mx\/index.php\/wp-json\/wp\/v2\/types\/post"}],"author":[{"embeddable":true,"href":"https:\/\/lahora.mx\/index.php\/wp-json\/wp\/v2\/users\/4"}],"replies":[{"embeddable":true,"href":"https:\/\/lahora.mx\/index.php\/wp-json\/wp\/v2\/comments?post=35868"}],"version-history":[{"count":1,"href":"https:\/\/lahora.mx\/index.php\/wp-json\/wp\/v2\/posts\/35868\/revisions"}],"predecessor-version":[{"id":35870,"href":"https:\/\/lahora.mx\/index.php\/wp-json\/wp\/v2\/posts\/35868\/revisions\/35870"}],"wp:featuredmedia":[{"embeddable":true,"href":"https:\/\/lahora.mx\/index.php\/wp-json\/wp\/v2\/media\/35869"}],"wp:attachment":[{"href":"https:\/\/lahora.mx\/index.php\/wp-json\/wp\/v2\/media?parent=35868"}],"wp:term":[{"taxonomy":"category","embeddable":true,"href":"https:\/\/lahora.mx\/index.php\/wp-json\/wp\/v2\/categories?post=35868"},{"taxonomy":"post_tag","embeddable":true,"href":"https:\/\/lahora.mx\/index.php\/wp-json\/wp\/v2\/tags?post=35868"}],"curies":[{"name":"wp","href":"https:\/\/api.w.org\/{rel}","templated":true}]}}