{"id":35830,"date":"2023-10-27T00:33:38","date_gmt":"2023-10-27T00:33:38","guid":{"rendered":"http:\/\/lahora.mx\/?p=35830"},"modified":"2023-10-27T00:33:40","modified_gmt":"2023-10-27T00:33:40","slug":"inauguro-la-gobernadora-lorena-cuellar-tlaxcala-la-feria-de-ferias-2023","status":"publish","type":"post","link":"https:\/\/lahora.mx\/index.php\/2023\/10\/27\/inauguro-la-gobernadora-lorena-cuellar-tlaxcala-la-feria-de-ferias-2023\/","title":{"rendered":"Inaugur\u00f3 la Gobernadora Lorena Cu\u00e9llar \u201cTlaxcala, La Feria de Ferias 2023\u201d"},"content":{"rendered":"\n<p>La gobernadora Lorena Cu\u00e9llar Cisneros inaugur\u00f3 \u201cTlaxcala, la Feria de Ferias 2023\u201d, que se desarrollar\u00e1 del 26 de octubre al 20 de noviembre y que dejar\u00e1 una derrama econ\u00f3mica estimada de 160 millones de pesos, donde familias locales, nacionales e internacionales, podr\u00e1n disfrutar de actividades infantiles, culturales, gastron\u00f3micas, deportivas y art\u00edsticas.<\/p>\n\n\n\n<p>Tras el corte del list\u00f3n inaugural, agradeci\u00f3 el trabajo de quienes participaron en la realizaci\u00f3n de esta feria, la cual adem\u00e1s cumple su 60 aniversario y contribuir\u00e1 a seguir dando a conocer al estado a nivel nacional e internacional.<\/p>\n\n\n\n<p>Cu\u00e9llar Cisneros indic\u00f3 que fue dise\u00f1ado para que sea un lugar de alegr\u00eda y convivencia familiar, pues se realizar\u00e1n m\u00e1s de 450 actividades para ni\u00f1os, ni\u00f1as, j\u00f3venes, adultos y personas de la tercera edad y el 96 por ciento de ellas ser\u00e1n gratuitas.<\/p>\n\n\n\n<p>La titular del Ejecutivo local se\u00f1al\u00f3 que este escaparate significar\u00e1 una detonaci\u00f3n de desarrollo con mayor importancia, tras la organizaci\u00f3n del Mundial de Voleibol de Playa Tlaxcala 2023 y beneficiar\u00e1 la econom\u00eda de la poblaci\u00f3n.<\/p>\n\n\n\n<p>En su oportunidad, la presidenta ejecutiva del Patronato paras las Exposiciones y Ferias de Tlaxcala, Rosa Elena Nava Garc\u00eda M\u00e9ndez precis\u00f3 que durante 26 d\u00edas habr\u00e1 eventos art\u00edsticos y culturales, exposici\u00f3n ganadera y agr\u00edcola, eventos taurinos, teatro del pueblo, palenque y m\u00e1s.<\/p>\n\n\n\n<p>Destac\u00f3 que este a\u00f1o la feria cumple su 60 aniversario, ya que fue inaugurada en noviembre de 1963 por el entonces presidente de M\u00e9xico, Adolfo L\u00f3pez Mateos y el gobernador de Tlaxcala en turno, Anselmo Cervantes.<\/p>\n\n\n\n<p>Garc\u00eda M\u00e9ndez asegur\u00f3 que se mantiene la misma esencia con la que fue inaugurada hace 60 a\u00f1os, pues sigue siendo un espacio de algarab\u00eda para las familias, que difunde la riqueza cultural de las tradiciones que dan identidad a Tlaxcala y promover las costumbres.<\/p>\n\n\n\n<p>La mandataria estatal, en compa\u00f1\u00eda de su gabinete legal y ampliado, realiz\u00f3 un recorrido por las diferentes \u00e1reas y pabellones que conforman el Recinto Ferial, donde convivi\u00f3 con expositores, comerciantes, productores, empresarios y familias, a quienes les dese\u00f3 \u00e9xito.<\/p>\n\n\n\n<p>Tambi\u00e9n llev\u00f3 a cabo la develaci\u00f3n de la placa conmemorativa del Lienzo Charro, la cual refiere: \u201cA lo largo de seis d\u00e9cadas este recinto ha contribuido a enaltecer la charrer\u00eda, una de las tradiciones m\u00e1s representativas en Tlaxcala y M\u00e9xico, deporte nacional por excelencia y patrimonio cultural inmaterial de la humanidad\u201d.<\/p>\n\n\n\n<p>Participar\u00e1n m\u00e1s de 500 expositores, se beneficiar\u00e1 a alrededor de 3 mil personas con empleos indirectos y 300 directos; adem\u00e1s habr\u00e1 apoyo para personas con discapacidad y 100 artesanos con espacios gratuitos para la venta de sus productos, a fin de fortalecer las finanzas familiares.<\/p>\n","protected":false},"excerpt":{"rendered":"<p>La gobernadora Lorena Cu\u00e9llar Cisneros inaugur\u00f3 \u201cTlaxcala, la Feria de Ferias 2023\u201d, que se desarrollar\u00e1 del 26 de octubre al 20 de noviembre y que dejar\u00e1 una derrama econ\u00f3mica estimada de 160 millones de pesos, donde familias locales, nacionales e internacionales, podr\u00e1n disfrutar de actividades infantiles, culturales, gastron\u00f3micas, deportivas y art\u00edsticas. Tras el corte del [&hellip;]<\/p>\n","protected":false},"author":4,"featured_media":35831,"comment_status":"open","ping_status":"open","sticky":false,"template":"","format":"standard","meta":{"om_disable_all_campaigns":false,"_monsterinsights_skip_tracking":false,"_monsterinsights_sitenote_active":false,"_monsterinsights_sitenote_note":"","_monsterinsights_sitenote_category":0,"footnotes":""},"categories":[175],"tags":[223,210],"class_list":["post-35830","post","type-post","status-publish","format-standard","has-post-thumbnail","hentry","category-local","tag-puebla","tag-tlaxcala"],"amp_enabled":true,"_links":{"self":[{"href":"https:\/\/lahora.mx\/index.php\/wp-json\/wp\/v2\/posts\/35830","targetHints":{"allow":["GET"]}}],"collection":[{"href":"https:\/\/lahora.mx\/index.php\/wp-json\/wp\/v2\/posts"}],"about":[{"href":"https:\/\/lahora.mx\/index.php\/wp-json\/wp\/v2\/types\/post"}],"author":[{"embeddable":true,"href":"https:\/\/lahora.mx\/index.php\/wp-json\/wp\/v2\/users\/4"}],"replies":[{"embeddable":true,"href":"https:\/\/lahora.mx\/index.php\/wp-json\/wp\/v2\/comments?post=35830"}],"version-history":[{"count":1,"href":"https:\/\/lahora.mx\/index.php\/wp-json\/wp\/v2\/posts\/35830\/revisions"}],"predecessor-version":[{"id":35832,"href":"https:\/\/lahora.mx\/index.php\/wp-json\/wp\/v2\/posts\/35830\/revisions\/35832"}],"wp:featuredmedia":[{"embeddable":true,"href":"https:\/\/lahora.mx\/index.php\/wp-json\/wp\/v2\/media\/35831"}],"wp:attachment":[{"href":"https:\/\/lahora.mx\/index.php\/wp-json\/wp\/v2\/media?parent=35830"}],"wp:term":[{"taxonomy":"category","embeddable":true,"href":"https:\/\/lahora.mx\/index.php\/wp-json\/wp\/v2\/categories?post=35830"},{"taxonomy":"post_tag","embeddable":true,"href":"https:\/\/lahora.mx\/index.php\/wp-json\/wp\/v2\/tags?post=35830"}],"curies":[{"name":"wp","href":"https:\/\/api.w.org\/{rel}","templated":true}]}}