{"id":35761,"date":"2023-10-25T22:27:53","date_gmt":"2023-10-25T22:27:53","guid":{"rendered":"http:\/\/lahora.mx\/?p=35761"},"modified":"2023-10-25T22:27:53","modified_gmt":"2023-10-25T22:27:53","slug":"exito-del-mundial-de-voli-se-debe-a-los-tlaxcaltecas","status":"publish","type":"post","link":"https:\/\/lahora.mx\/index.php\/2023\/10\/25\/exito-del-mundial-de-voli-se-debe-a-los-tlaxcaltecas\/","title":{"rendered":"\u00c9xito del Mundial de Voli se debe a los tlaxcaltecas"},"content":{"rendered":"\n<p>La ma\u00f1ana de este mi\u00e9rcoles, la gobernadora Lorena Cu\u00e9llar Cisneros encabez\u00f3 la presentaci\u00f3n de la empresa y la metodolog\u00eda que se har\u00e1 cargo del an\u00e1lisis de la organizaci\u00f3n del Campeonato Mundial de Voleibol de Playa Tlaxcala 2023, desarrollado del 5 al 15 de octubre pasados.<\/p>\n\n\n\n<p>En las instalaciones del Centro Cultural Universitario, inform\u00f3 que ser\u00e1 la empresa Nielsen la encargada de hacer los estudios econom\u00e9tricos de impacto econ\u00f3mico y de impacto medi\u00e1tico de esa justa deportiva, a fin de conocer qu\u00e9 se hizo bien y que se puede mejorar<\/p>\n\n\n\n<p>La gobernadora Lorena Cu\u00e9llar Cisneros encabez\u00f3 la presentaci\u00f3n de la empresa y la metodolog\u00eda que se har\u00e1 cargo del an\u00e1lisis de la organizaci\u00f3n del Campeonato Mundial de Voleibol de Playa Tlaxcala 2023 | Karla Mu\u00f1et\u00f3n<\/p>\n\n\n\n<p>Acompa\u00f1ada de autoridades estatales y de representantes de la empresa, asegur\u00f3 que la exitosa organizaci\u00f3n del Mundial de Voli se debe a los tlaxcaltecas, por lo que agradeci\u00f3 la colaboraci\u00f3n de todas las personas que hicieron posible que la entidad destacara como el mejor organizador de la historia de un campeonato de voleibol de playa.<\/p>\n\n\n\n<p>Este evento represent\u00f3 para Tlaxcala la enorme oportunidad de demostrar al mundo entero su riqueza cultural, pero principalmente los atributos de un pueblo amable, generoso y hospitalario,<br>expres\u00f3.<\/p>\n\n\n\n<p>Indic\u00f3 que con el evento inaugural el estado estuvo presente en las transmisiones en plataformas internacionales como ESPN y Star Plus, y que congreg\u00f3 a siete mil espectadores presenciales, al tiempo que a\u00f1adi\u00f3 que durante el evento m\u00e1s de 100 mil boletos fueron vendidos a mexicanos de 30 estados, aunado a visitantes de pa\u00edses como Canad\u00e1, Estados Unidos, Espa\u00f1a, Suecia, Francia, China, Honduras, Argentina, Brasil, Italia, Austria, Australia y Alemania, entre otros.<\/p>\n\n\n\n<p>Indic\u00f3 que fue una competencia que dej\u00f3 emocionantes encuentros y que trajo beneficios a la entidad, de ah\u00ed que fue tomada la decisi\u00f3n de contratar una empresa certificada que pudiera plasmar en un informe, con estad\u00edsticas, todos los resultados y beneficios, y pudiera medir el impacto econ\u00f3mico que tuvo el torneo mundial, un evento que -resalt\u00f3- marc\u00f3 un parteaguas en la historia deportiva de la entidad.<\/p>\n\n\n\n<p>Demostramos que contamos con la capacidad y talento para organizar eventos de talla internacional, a la altura de las ciudades m\u00e1s famosas del mundo. Recordemos que Sydney, por ejemplo, no era Sydney antes de un mundial, y as\u00ed seguramente Tlaxcala cambiar\u00e1 esa nueva historia de la que hablamos, en donde queremos dejar constancia y que se sienta el desarrollo econ\u00f3mico en los hoteles, en los negocios y entre los prestadores de servicios, y para muchas familias tlaxcaltecas,<br>dijo.<\/p>\n\n\n\n<p>Tambi\u00e9n agradeci\u00f3 la participaci\u00f3n de los alcaldes de Apizaco y Huamantla para mostrar c\u00f3mo se vive el voleibol en esos municipios que estuvieron llenos de alegr\u00eda y felicidad.<\/p>\n\n\n\n<p>Finalmente, opin\u00f3 que el reconocimiento que ha recibido Tlaxcala por la calidad de la organizaci\u00f3n de este evento pertenece a toda su gente, y que fueron las tlaxcaltecas quienes con gran devoci\u00f3n, participaci\u00f3n y orgullo hicieron posible este \u00e9xito.<\/p>\n","protected":false},"excerpt":{"rendered":"<p>La ma\u00f1ana de este mi\u00e9rcoles, la gobernadora Lorena Cu\u00e9llar Cisneros encabez\u00f3 la presentaci\u00f3n de la empresa y la metodolog\u00eda que se har\u00e1 cargo del an\u00e1lisis de la organizaci\u00f3n del Campeonato Mundial de Voleibol de Playa Tlaxcala 2023, desarrollado del 5 al 15 de octubre pasados. En las instalaciones del Centro Cultural Universitario, inform\u00f3 que ser\u00e1 [&hellip;]<\/p>\n","protected":false},"author":4,"featured_media":35762,"comment_status":"open","ping_status":"open","sticky":false,"template":"","format":"standard","meta":{"om_disable_all_campaigns":false,"_monsterinsights_skip_tracking":false,"_monsterinsights_sitenote_active":false,"_monsterinsights_sitenote_note":"","_monsterinsights_sitenote_category":0,"footnotes":""},"categories":[175],"tags":[223,210],"class_list":["post-35761","post","type-post","status-publish","format-standard","has-post-thumbnail","hentry","category-local","tag-puebla","tag-tlaxcala"],"amp_enabled":true,"_links":{"self":[{"href":"https:\/\/lahora.mx\/index.php\/wp-json\/wp\/v2\/posts\/35761","targetHints":{"allow":["GET"]}}],"collection":[{"href":"https:\/\/lahora.mx\/index.php\/wp-json\/wp\/v2\/posts"}],"about":[{"href":"https:\/\/lahora.mx\/index.php\/wp-json\/wp\/v2\/types\/post"}],"author":[{"embeddable":true,"href":"https:\/\/lahora.mx\/index.php\/wp-json\/wp\/v2\/users\/4"}],"replies":[{"embeddable":true,"href":"https:\/\/lahora.mx\/index.php\/wp-json\/wp\/v2\/comments?post=35761"}],"version-history":[{"count":1,"href":"https:\/\/lahora.mx\/index.php\/wp-json\/wp\/v2\/posts\/35761\/revisions"}],"predecessor-version":[{"id":35763,"href":"https:\/\/lahora.mx\/index.php\/wp-json\/wp\/v2\/posts\/35761\/revisions\/35763"}],"wp:featuredmedia":[{"embeddable":true,"href":"https:\/\/lahora.mx\/index.php\/wp-json\/wp\/v2\/media\/35762"}],"wp:attachment":[{"href":"https:\/\/lahora.mx\/index.php\/wp-json\/wp\/v2\/media?parent=35761"}],"wp:term":[{"taxonomy":"category","embeddable":true,"href":"https:\/\/lahora.mx\/index.php\/wp-json\/wp\/v2\/categories?post=35761"},{"taxonomy":"post_tag","embeddable":true,"href":"https:\/\/lahora.mx\/index.php\/wp-json\/wp\/v2\/tags?post=35761"}],"curies":[{"name":"wp","href":"https:\/\/api.w.org\/{rel}","templated":true}]}}