{"id":35712,"date":"2023-10-25T00:40:09","date_gmt":"2023-10-25T00:40:09","guid":{"rendered":"http:\/\/lahora.mx\/?p=35712"},"modified":"2023-10-25T00:40:29","modified_gmt":"2023-10-25T00:40:29","slug":"inflacion-en-mexico-llega-a-4-27-en-primera-quincena-de-octubre","status":"publish","type":"post","link":"https:\/\/lahora.mx\/index.php\/2023\/10\/25\/inflacion-en-mexico-llega-a-4-27-en-primera-quincena-de-octubre\/","title":{"rendered":"Inflaci\u00f3n en M\u00e9xico llega a 4.27% en primera quincena de octubre"},"content":{"rendered":"\n<p>La inflaci\u00f3n volvi\u00f3 a moderarse y se ubic\u00f3 en 4.27 por ciento anual en la primera quincena de octubre, luego de las presiones que tuvo al cierre de septiembre, cuando se aceler\u00f3 a 4.47 por ciento, seg\u00fan los datos del INEGI.<\/p>\n\n\n\n<p>El dato result\u00f3 mejor que el 4.40 por ciento anual esperado por analistas consultados por Citibanamex en su encuesta m\u00e1s reciente.<\/p>\n\n\n\n<p>Adem\u00e1s, con esta desaceleraci\u00f3n, el dato de la primera quincena de octubre es el m\u00e1s bajo desde la primera quincena de marzo del 2021, cuando fue de 4.12 por ciento.<\/p>\n\n\n\n<p>Aunque se observan menores presiones, la inflaci\u00f3n lleva poco m\u00e1s de 31 meses fuera del rango del Banco de M\u00e9xico (Banxico) de 3 por ciento +\/- un punto porcentual.<\/p>\n\n\n\n<p>Respecto a la quincena previa, el \u00cdndice Nacional de Precios al Consumidor (INPC) tuvo un incremento de 0.24 por ciento, mejor del 0.37 por ciento previsto por analistas. Para un mismo periodo, el dato de este a\u00f1o fue el m\u00e1s bajo desde el 2005.<\/p>\n\n\n\n<p>Desde Pantheon Macroeconomics indicaron que los datos confirman que las presiones contin\u00faan disminuyendo, tanto a nivel general como subyacente, lo que probablemente permitir\u00e1 a algunos miembros de Banxico suavizar su tono agresivo.<\/p>\n\n\n\n<p>\u201cUn crecimiento econ\u00f3mico m\u00e1s d\u00e9bil en subsectores clave, el efecto retardado del aumento de las tasas de inter\u00e9s reales y un mercado laboral debilitado ayudar\u00e1n a mantener la inflaci\u00f3n bajo control durante el cuarto trimestre, terminando el a\u00f1o en alrededor del 4.5 por ciento\u201d, seg\u00fan la instituci\u00f3n financiera.<\/p>\n\n\n\n<p>Inflaci\u00f3n subyacente se sit\u00faa en 5.54% en 1ra quincena de octubre<br>Al interior del INPC, la inflaci\u00f3n subyacente, que determina la trayectoria de los precios en el mediano plazo, se ubic\u00f3 en 5.54 por ciento anual en la primera quincena de octubre, desde el 5.74 por ciento del cierre de septiembre y mejor que el 5.50 por ciento previsto por el mercado.<\/p>\n\n\n\n<p>Este es su menor nivel desde la primera quincena de noviembre de 2021, seg\u00fan los datos del INEGI.<\/p>\n\n\n\n<p>Del componente subyacente, se observ\u00f3 que la inflaci\u00f3n en las mercanc\u00edas fue de 5.72 por ciento anual, con lo que lig\u00f3 18 quincenas moder\u00e1ndose. Adem\u00e1s, el dato reciente es el m\u00e1s bajo desde la primera quincena de julio del 2021.<\/p>\n\n\n\n<p>En tanto, la inflaci\u00f3n de los servicios se ubic\u00f3 en 5.33 por ciento anual en la primera quincena de octubre, tras el salto a 5.37 por ciento a finales del mes anterior, debido a la renuencia de este sector de la econom\u00eda.<\/p>\n\n\n\n<p>Respecto a la inflaci\u00f3n no subyacente, este rubro se ubic\u00f3 en 0.48 por ciento anual, desde 0.71 por ciento del periodo previo.<\/p>\n\n\n\n<p>Los precios de los productos agropecuarios anotaron una inflaci\u00f3n de 1.63 por ciento anual, moder\u00e1ndose por cuarta quincena al hilo, y los energ\u00e9ticos y tarifas autorizadas por el gobierno se tuvieron una inflaci\u00f3n negativa o deflaci\u00f3n de -0.50 por ciento anual, ritmo que ha mostrado desde la segunda quincena de marzo de este a\u00f1o.<\/p>\n\n\n\n<p>Electricidad, lo que m\u00e1s subi\u00f3 en la quincena de octubre<br>De la gama de bienes y servicios medidos en el INPC, se observ\u00f3 que la electricidad tuvo el mayor incremento del orden de 19.23 por ciento, respecto a la segunda quincena de septiembre.<\/p>\n\n\n\n<p>Lo anterior, debido a que el programa de tarifas el\u00e9ctricas de temporada c\u00e1lida termin\u00f3 su periodo de vigencia en 18 ciudades del pa\u00eds.<\/p>\n\n\n\n<p>Lo que tambi\u00e9n subi\u00f3 de precio fue el az\u00facar, con 5.60 por ciento; el transporte a\u00e9reo, 11.04 por ciento y los servicios tur\u00edsticos en paquete, con 5.84 por ciento, estos dos \u00faltimos es algo com\u00fan en este periodo.<\/p>\n\n\n\n<p>En contraste, los productos que m\u00e1s incidieron a la baja fueron el jitomate, cuya variaci\u00f3n quincenal fue de -9.67 por ciento; el pollo, -3.28 por ciento; la cebolla, -7.33 por ciento, y el huevo, -1.65 por ciento.<\/p>\n\n\n\n<p>Lo anterior es una buena noticia para los hogares, ya que se trata de disminuciones en precios de alimentos, que ven\u00eda ejerciendo presiones en meses recientes.<\/p>\n","protected":false},"excerpt":{"rendered":"<p>La inflaci\u00f3n volvi\u00f3 a moderarse y se ubic\u00f3 en 4.27 por ciento anual en la primera quincena de octubre, luego de las presiones que tuvo al cierre de septiembre, cuando se aceler\u00f3 a 4.47 por ciento, seg\u00fan los datos del INEGI. El dato result\u00f3 mejor que el 4.40 por ciento anual esperado por analistas consultados [&hellip;]<\/p>\n","protected":false},"author":4,"featured_media":35713,"comment_status":"open","ping_status":"open","sticky":false,"template":"","format":"standard","meta":{"om_disable_all_campaigns":false,"_monsterinsights_skip_tracking":false,"_monsterinsights_sitenote_active":false,"_monsterinsights_sitenote_note":"","_monsterinsights_sitenote_category":0,"footnotes":""},"categories":[176,2],"tags":[29],"class_list":["post-35712","post","type-post","status-publish","format-standard","has-post-thumbnail","hentry","category-nacional","category-negocios","tag-business"],"amp_enabled":true,"_links":{"self":[{"href":"https:\/\/lahora.mx\/index.php\/wp-json\/wp\/v2\/posts\/35712","targetHints":{"allow":["GET"]}}],"collection":[{"href":"https:\/\/lahora.mx\/index.php\/wp-json\/wp\/v2\/posts"}],"about":[{"href":"https:\/\/lahora.mx\/index.php\/wp-json\/wp\/v2\/types\/post"}],"author":[{"embeddable":true,"href":"https:\/\/lahora.mx\/index.php\/wp-json\/wp\/v2\/users\/4"}],"replies":[{"embeddable":true,"href":"https:\/\/lahora.mx\/index.php\/wp-json\/wp\/v2\/comments?post=35712"}],"version-history":[{"count":1,"href":"https:\/\/lahora.mx\/index.php\/wp-json\/wp\/v2\/posts\/35712\/revisions"}],"predecessor-version":[{"id":35714,"href":"https:\/\/lahora.mx\/index.php\/wp-json\/wp\/v2\/posts\/35712\/revisions\/35714"}],"wp:featuredmedia":[{"embeddable":true,"href":"https:\/\/lahora.mx\/index.php\/wp-json\/wp\/v2\/media\/35713"}],"wp:attachment":[{"href":"https:\/\/lahora.mx\/index.php\/wp-json\/wp\/v2\/media?parent=35712"}],"wp:term":[{"taxonomy":"category","embeddable":true,"href":"https:\/\/lahora.mx\/index.php\/wp-json\/wp\/v2\/categories?post=35712"},{"taxonomy":"post_tag","embeddable":true,"href":"https:\/\/lahora.mx\/index.php\/wp-json\/wp\/v2\/tags?post=35712"}],"curies":[{"name":"wp","href":"https:\/\/api.w.org\/{rel}","templated":true}]}}