{"id":35651,"date":"2023-10-23T19:08:03","date_gmt":"2023-10-23T19:08:03","guid":{"rendered":"http:\/\/lahora.mx\/?p=35651"},"modified":"2023-10-23T19:08:04","modified_gmt":"2023-10-23T19:08:04","slug":"ofrecera-salvador-santos-cedillo-atencion-ciudadana-salvando-con-acciones-en-la-presidencia-municipal","status":"publish","type":"post","link":"https:\/\/lahora.mx\/index.php\/2023\/10\/23\/ofrecera-salvador-santos-cedillo-atencion-ciudadana-salvando-con-acciones-en-la-presidencia-municipal\/","title":{"rendered":"Ofrecer\u00e1 salvador Santos Cedillo atenci\u00f3n ciudadana \u201cSalvando con acciones\u201d en la presidencia municipal"},"content":{"rendered":"\n<p>A trav\u00e9s de sus redes sociales, el edil de Huamantla, Salvador Santos Cedillo, anunci\u00f3 que este 23 de octubre realizar\u00e1 Atenci\u00f3n Ciudadana \u201cSalvando con acciones\u201d, para escuchar las peticiones de las y los huamantlecos.<\/p>\n\n\n\n<p>Santos Cedillo, detall\u00f3 que la atenci\u00f3n se brindar\u00e1 de 16:00 a 20:00 horas en la Presidencia Municipal, donde los asistentes deber\u00e1n presentar copia de INE con un n\u00famero telef\u00f3nico, para dar seguimiento a su solicitud.<\/p>\n\n\n\n<p>Anunci\u00f3 que se dar\u00e1n fichas para ofrecer un control en la atenci\u00f3n, sin embargo, adelant\u00f3 que quienes no alcancen un turno, podr\u00e1n participar en la pr\u00f3xima atenci\u00f3n ciudadana que se realizar\u00e1 en pr\u00f3ximas fechas.<\/p>\n\n\n\n<p>Con estas acciones, el Gobierno Municipal atiende de manera directa y oportuna, las principales necesidades de la ciudadan\u00eda, y se proporcione los servicios del H. Ayuntamiento, para brindar bienestar y progreso a Huamantla y sus 39 comunidades.<\/p>\n","protected":false},"excerpt":{"rendered":"<p>A trav\u00e9s de sus redes sociales, el edil de Huamantla, Salvador Santos Cedillo, anunci\u00f3 que este 23 de octubre realizar\u00e1 Atenci\u00f3n Ciudadana \u201cSalvando con acciones\u201d, para escuchar las peticiones de las y los huamantlecos. Santos Cedillo, detall\u00f3 que la atenci\u00f3n se brindar\u00e1 de 16:00 a 20:00 horas en la Presidencia Municipal, donde los asistentes deber\u00e1n [&hellip;]<\/p>\n","protected":false},"author":4,"featured_media":35652,"comment_status":"open","ping_status":"open","sticky":false,"template":"","format":"standard","meta":{"om_disable_all_campaigns":false,"_monsterinsights_skip_tracking":false,"_monsterinsights_sitenote_active":false,"_monsterinsights_sitenote_note":"","_monsterinsights_sitenote_category":0,"footnotes":""},"categories":[175],"tags":[223,210],"class_list":["post-35651","post","type-post","status-publish","format-standard","has-post-thumbnail","hentry","category-local","tag-puebla","tag-tlaxcala"],"amp_enabled":true,"_links":{"self":[{"href":"https:\/\/lahora.mx\/index.php\/wp-json\/wp\/v2\/posts\/35651","targetHints":{"allow":["GET"]}}],"collection":[{"href":"https:\/\/lahora.mx\/index.php\/wp-json\/wp\/v2\/posts"}],"about":[{"href":"https:\/\/lahora.mx\/index.php\/wp-json\/wp\/v2\/types\/post"}],"author":[{"embeddable":true,"href":"https:\/\/lahora.mx\/index.php\/wp-json\/wp\/v2\/users\/4"}],"replies":[{"embeddable":true,"href":"https:\/\/lahora.mx\/index.php\/wp-json\/wp\/v2\/comments?post=35651"}],"version-history":[{"count":1,"href":"https:\/\/lahora.mx\/index.php\/wp-json\/wp\/v2\/posts\/35651\/revisions"}],"predecessor-version":[{"id":35653,"href":"https:\/\/lahora.mx\/index.php\/wp-json\/wp\/v2\/posts\/35651\/revisions\/35653"}],"wp:featuredmedia":[{"embeddable":true,"href":"https:\/\/lahora.mx\/index.php\/wp-json\/wp\/v2\/media\/35652"}],"wp:attachment":[{"href":"https:\/\/lahora.mx\/index.php\/wp-json\/wp\/v2\/media?parent=35651"}],"wp:term":[{"taxonomy":"category","embeddable":true,"href":"https:\/\/lahora.mx\/index.php\/wp-json\/wp\/v2\/categories?post=35651"},{"taxonomy":"post_tag","embeddable":true,"href":"https:\/\/lahora.mx\/index.php\/wp-json\/wp\/v2\/tags?post=35651"}],"curies":[{"name":"wp","href":"https:\/\/api.w.org\/{rel}","templated":true}]}}