{"id":35619,"date":"2023-10-23T16:12:04","date_gmt":"2023-10-23T16:12:04","guid":{"rendered":"http:\/\/lahora.mx\/?p=35619"},"modified":"2023-10-23T16:12:05","modified_gmt":"2023-10-23T16:12:05","slug":"a-prision-domiciliaria-los-agresores-de-neto-calderon","status":"publish","type":"post","link":"https:\/\/lahora.mx\/index.php\/2023\/10\/23\/a-prision-domiciliaria-los-agresores-de-neto-calderon\/","title":{"rendered":"A prisi\u00f3n domiciliaria, los agresores de Neto Calder\u00f3n"},"content":{"rendered":"\n<p>Desde casa y bajo la vigilancia de la polic\u00eda, es como los gemelos agresores de Ernesto Calder\u00f3n seguir\u00e1n su proceso luego de que hace un mes, tras ser buscados incluso con ayuda de la Interpol, decidieran entregarse a la Fiscal\u00eda de Puebla por la golpiza ocurrida en la Isla de Angel\u00f3polis a principios de septiembre y que incluso se hizo viral.<\/p>\n\n\n\n<p>Este 22 de octubre al mediod\u00eda, tanto los hermanos Luis Alberto y Francisco Rodolfo as\u00ed como Ernesto Calderon y sus respectivos representantes legales fueron convocados a audiencia de revisi\u00f3n de medidas cautelares en el Centro de Justicia Penal de Puebla.<\/p>\n\n\n\n<p>Ah\u00ed el juez de la causa se\u00f1al\u00f3 que al no existir riesgo de muerte, era una exageraci\u00f3n la medida de prisi\u00f3n preventiva necesaria implementada desde la primera audiencia.<\/p>\n\n\n\n<p>Sin mayor motivaci\u00f3n, el jurista otorg\u00f3 el cambio de prisi\u00f3n preventiva justificada a la domiciliaria sin importar que los acusados tengan cuatro domicilios y no hayan justificado el arraigo en una sola vivienda, por lo que este domingo los gemelos ya regresaron a casa con sus padres, desde donde seguir\u00e1n pendiente de su proceso legal.<\/p>\n\n\n\n<p>Del resto de los involucrados no se sabe su paradero por lo que a\u00fan son buscados por las autoridades ministeriales. (CR)<\/p>\n","protected":false},"excerpt":{"rendered":"<p>Desde casa y bajo la vigilancia de la polic\u00eda, es como los gemelos agresores de Ernesto Calder\u00f3n seguir\u00e1n su proceso luego de que hace un mes, tras ser buscados incluso con ayuda de la Interpol, decidieran entregarse a la Fiscal\u00eda de Puebla por la golpiza ocurrida en la Isla de Angel\u00f3polis a principios de septiembre [&hellip;]<\/p>\n","protected":false},"author":4,"featured_media":35621,"comment_status":"open","ping_status":"open","sticky":false,"template":"","format":"standard","meta":{"om_disable_all_campaigns":false,"_monsterinsights_skip_tracking":false,"_monsterinsights_sitenote_active":false,"_monsterinsights_sitenote_note":"","_monsterinsights_sitenote_category":0,"footnotes":""},"categories":[175],"tags":[195,223],"class_list":["post-35619","post","type-post","status-publish","format-standard","has-post-thumbnail","hentry","category-local","tag-principal","tag-puebla"],"amp_enabled":true,"_links":{"self":[{"href":"https:\/\/lahora.mx\/index.php\/wp-json\/wp\/v2\/posts\/35619","targetHints":{"allow":["GET"]}}],"collection":[{"href":"https:\/\/lahora.mx\/index.php\/wp-json\/wp\/v2\/posts"}],"about":[{"href":"https:\/\/lahora.mx\/index.php\/wp-json\/wp\/v2\/types\/post"}],"author":[{"embeddable":true,"href":"https:\/\/lahora.mx\/index.php\/wp-json\/wp\/v2\/users\/4"}],"replies":[{"embeddable":true,"href":"https:\/\/lahora.mx\/index.php\/wp-json\/wp\/v2\/comments?post=35619"}],"version-history":[{"count":1,"href":"https:\/\/lahora.mx\/index.php\/wp-json\/wp\/v2\/posts\/35619\/revisions"}],"predecessor-version":[{"id":35622,"href":"https:\/\/lahora.mx\/index.php\/wp-json\/wp\/v2\/posts\/35619\/revisions\/35622"}],"wp:featuredmedia":[{"embeddable":true,"href":"https:\/\/lahora.mx\/index.php\/wp-json\/wp\/v2\/media\/35621"}],"wp:attachment":[{"href":"https:\/\/lahora.mx\/index.php\/wp-json\/wp\/v2\/media?parent=35619"}],"wp:term":[{"taxonomy":"category","embeddable":true,"href":"https:\/\/lahora.mx\/index.php\/wp-json\/wp\/v2\/categories?post=35619"},{"taxonomy":"post_tag","embeddable":true,"href":"https:\/\/lahora.mx\/index.php\/wp-json\/wp\/v2\/tags?post=35619"}],"curies":[{"name":"wp","href":"https:\/\/api.w.org\/{rel}","templated":true}]}}